{"id":15538,"date":"2026-09-04T10:00:47","date_gmt":"2026-09-04T07:00:47","guid":{"rendered":"https:\/\/ravilla.com.tr\/?p=15538"},"modified":"2026-04-30T14:40:57","modified_gmt":"2026-04-30T11:40:57","slug":"how-should-furniture-wood-be-dried-and-when-should-trees-be-cut-and-sawn","status":"publish","type":"post","link":"https:\/\/ravilla.com.tr\/en\/how-should-furniture-wood-be-dried-and-when-should-trees-be-cut-and-sawn\/","title":{"rendered":"How Should Furniture Wood Be Dried, and When Should Trees Be Cut and Sawn?"},"content":{"rendered":"<div class=\"wpb-content-wrapper\"><p>[vc_row][vc_column][vc_column_text woodmart_inline=&#8221;no&#8221; text_larger=&#8221;no&#8221;]<strong>Furniture wood<\/strong> quality depends not only on the tree species itself, but also directly on how it is cut, when it is sawn, and how it is dried. Even the most valuable wood can develop problems such as cracking, bending, twisting, and loss of durability if it is cut at the wrong time or dried incorrectly. For this reason, proper process management is extremely important in the production of high-quality natural wood products.<\/p>\n<p>For professional furniture manufacturers, the drying process is just as important as wood selection and is a fundamental part of quality standards.<\/p>\n<div id=\"ez-toc-container\" class=\"ez-toc-v2_0_85 counter-hierarchy ez-toc-counter ez-toc-grey ez-toc-container-direction\">\n<div class=\"ez-toc-title-container\">\n<p class=\"ez-toc-title\" style=\"cursor:inherit\">Makale \u0130\u00e7eri\u011fi<\/p>\n<span class=\"ez-toc-title-toggle\"><a href=\"#\" class=\"ez-toc-pull-right ez-toc-btn ez-toc-btn-xs ez-toc-btn-default ez-toc-toggle\" aria-label=\"Toggle Table of Content\"><span class=\"ez-toc-js-icon-con\"><span class=\"\"><span class=\"eztoc-hide\" style=\"display:none;\">Toggle<\/span><span class=\"ez-toc-icon-toggle-span\"><svg style=\"fill: #999;color:#999\" xmlns=\"http:\/\/www.w3.org\/2000\/svg\" class=\"list-377408\" width=\"20px\" height=\"20px\" viewBox=\"0 0 24 24\" fill=\"none\"><path d=\"M6 6H4v2h2V6zm14 0H8v2h12V6zM4 11h2v2H4v-2zm16 0H8v2h12v-2zM4 16h2v2H4v-2zm16 0H8v2h12v-2z\" fill=\"currentColor\"><\/path><\/svg><svg style=\"fill: #999;color:#999\" class=\"arrow-unsorted-368013\" xmlns=\"http:\/\/www.w3.org\/2000\/svg\" width=\"10px\" height=\"10px\" viewBox=\"0 0 24 24\" version=\"1.2\" baseProfile=\"tiny\"><path d=\"M18.2 9.3l-6.2-6.3-6.2 6.3c-.2.2-.3.4-.3.7s.1.5.3.7c.2.2.4.3.7.3h11c.3 0 .5-.1.7-.3.2-.2.3-.5.3-.7s-.1-.5-.3-.7zM5.8 14.7l6.2 6.3 6.2-6.3c.2-.2.3-.5.3-.7s-.1-.5-.3-.7c-.2-.2-.4-.3-.7-.3h-11c-.3 0-.5.1-.7.3-.2.2-.3.5-.3.7s.1.5.3.7z\"\/><\/svg><\/span><\/span><\/span><\/a><\/span><\/div>\n<nav><ul class='ez-toc-list ez-toc-list-level-1 ' ><li class='ez-toc-page-1 ez-toc-heading-level-2'><a class=\"ez-toc-link ez-toc-heading-1\" href=\"https:\/\/ravilla.com.tr\/en\/how-should-furniture-wood-be-dried-and-when-should-trees-be-cut-and-sawn\/#When_Should_Trees_Be_Cut\" >When Should Trees Be Cut?<\/a><ul class='ez-toc-list-level-3' ><li class='ez-toc-heading-level-3'><a class=\"ez-toc-link ez-toc-heading-2\" href=\"https:\/\/ravilla.com.tr\/en\/how-should-furniture-wood-be-dried-and-when-should-trees-be-cut-and-sawn\/#Why_Is_Winter_Preferred\" >Why Is Winter Preferred?<\/a><\/li><\/ul><\/li><li class='ez-toc-page-1 ez-toc-heading-level-2'><a class=\"ez-toc-link ez-toc-heading-3\" href=\"https:\/\/ravilla.com.tr\/en\/how-should-furniture-wood-be-dried-and-when-should-trees-be-cut-and-sawn\/#When_Should_Trees_Be_Sawn\" >When Should Trees Be Sawn?<\/a><ul class='ez-toc-list-level-3' ><li class='ez-toc-heading-level-3'><a class=\"ez-toc-link ez-toc-heading-4\" href=\"https:\/\/ravilla.com.tr\/en\/how-should-furniture-wood-be-dried-and-when-should-trees-be-cut-and-sawn\/#Why_Is_Proper_Sawing_Important\" >Why Is Proper Sawing Important?<\/a><\/li><\/ul><\/li><li class='ez-toc-page-1 ez-toc-heading-level-2'><a class=\"ez-toc-link ez-toc-heading-5\" href=\"https:\/\/ravilla.com.tr\/en\/how-should-furniture-wood-be-dried-and-when-should-trees-be-cut-and-sawn\/#How_Should_Furniture_Wood_Be_Dried\" >How Should Furniture Wood Be Dried?<\/a><ul class='ez-toc-list-level-3' ><li class='ez-toc-heading-level-3'><a class=\"ez-toc-link ez-toc-heading-6\" href=\"https:\/\/ravilla.com.tr\/en\/how-should-furniture-wood-be-dried-and-when-should-trees-be-cut-and-sawn\/#1_Air_Drying\" >1. Air Drying<\/a><\/li><li class='ez-toc-page-1 ez-toc-heading-level-3'><a class=\"ez-toc-link ez-toc-heading-7\" href=\"https:\/\/ravilla.com.tr\/en\/how-should-furniture-wood-be-dried-and-when-should-trees-be-cut-and-sawn\/#2_Kiln_Drying\" >2. Kiln Drying<\/a><\/li><\/ul><\/li><li class='ez-toc-page-1 ez-toc-heading-level-2'><a class=\"ez-toc-link ez-toc-heading-8\" href=\"https:\/\/ravilla.com.tr\/en\/how-should-furniture-wood-be-dried-and-when-should-trees-be-cut-and-sawn\/#What_Problems_Can_Incorrect_Drying_Cause\" >What Problems Can Incorrect Drying Cause?<\/a><\/li><li class='ez-toc-page-1 ez-toc-heading-level-2'><a class=\"ez-toc-link ez-toc-heading-9\" href=\"https:\/\/ravilla.com.tr\/en\/how-should-furniture-wood-be-dried-and-when-should-trees-be-cut-and-sawn\/#The_Foundation_of_Quality_Furniture_Is_Proper_Drying\" >The Foundation of Quality Furniture Is Proper Drying<\/a><\/li><\/ul><\/nav><\/div>\n<h2><span class=\"ez-toc-section\" id=\"When_Should_Trees_Be_Cut\"><\/span>When Should Trees Be Cut?<span class=\"ez-toc-section-end\"><\/span><\/h2>\n<p>The most suitable period for cutting trees is generally during seasons when sap levels are lower. In most regions, cutting between late autumn and winter is considered more advantageous.<\/p>\n<h3><span class=\"ez-toc-section\" id=\"Why_Is_Winter_Preferred\"><\/span>Why Is Winter Preferred?<span class=\"ez-toc-section-end\"><\/span><\/h3>\n<p>\u2022 The moisture content inside the tree is lower.<br \/>\n\u2022 The risk of insects and fungi may be reduced.<br \/>\n\u2022 The drying process can be more controlled.<br \/>\n\u2022 The risk of cracking and movement in the wood may decrease.<\/p>\n<p>For this reason, seasonal cutting planning is important in the production of high-quality tables, chairs, and natural wooden furniture.<\/p>\n<h2><span class=\"ez-toc-section\" id=\"When_Should_Trees_Be_Sawn\"><\/span>When Should Trees Be Sawn?<span class=\"ez-toc-section-end\"><\/span><\/h2>\n<p>Cut logs should be sawn under proper conditions without being left waiting for too long. Logs stored for extended periods may develop surface damage, discoloration, or internal cracking.<\/p>\n<p>The sawing process should be planned according to the intended use of the wood. Different cutting directions may be preferred for table tops, chair legs, or decorative products.<\/p>\n<h3><span class=\"ez-toc-section\" id=\"Why_Is_Proper_Sawing_Important\"><\/span>Why Is Proper Sawing Important?<span class=\"ez-toc-section-end\"><\/span><\/h3>\n<p>\u2022 The grain direction is preserved.<br \/>\n\u2022 More balanced drying is achieved.<br \/>\n\u2022 The risk of bending and twisting is reduced.<br \/>\n\u2022 Beautiful grain patterns are revealed.<\/p>\n<p><img decoding=\"async\" class=\"size-full wp-image-1100\" title=\"sarissa ceviz masa 3\" src=\"https:\/\/ravilla.com.tr\/wp-content\/uploads\/2025\/02\/sarissa-ceviz-masa-3.jpg\" alt=\"sarissa ceviz masa 3\" width=\"1200\" height=\"1000\" srcset=\"https:\/\/ravilla.com.tr\/wp-content\/uploads\/2025\/02\/sarissa-ceviz-masa-3.jpg 1200w, https:\/\/ravilla.com.tr\/wp-content\/uploads\/2025\/02\/sarissa-ceviz-masa-3-300x250.jpg 300w, https:\/\/ravilla.com.tr\/wp-content\/uploads\/2025\/02\/sarissa-ceviz-masa-3-1024x853.jpg 1024w, https:\/\/ravilla.com.tr\/wp-content\/uploads\/2025\/02\/sarissa-ceviz-masa-3-768x640.jpg 768w, https:\/\/ravilla.com.tr\/wp-content\/uploads\/2025\/02\/sarissa-ceviz-masa-3-14x12.jpg 14w, https:\/\/ravilla.com.tr\/wp-content\/uploads\/2025\/02\/sarissa-ceviz-masa-3-150x125.jpg 150w\" sizes=\"(max-width: 1200px) 100vw, 1200px\" \/><\/p>\n<h2><span class=\"ez-toc-section\" id=\"How_Should_Furniture_Wood_Be_Dried\"><\/span>How Should Furniture Wood Be Dried?<span class=\"ez-toc-section-end\"><\/span><\/h2>\n<p>Wood does not go directly into production after being cut. First, it must be dried to the ideal moisture level. Although this level may vary depending on the region and the final product, a controlled low moisture level is targeted in furniture production.<\/p>\n<h3><span class=\"ez-toc-section\" id=\"1_Air_Drying\"><\/span>1. Air Drying<span class=\"ez-toc-section-end\"><\/span><\/h3>\n<p>Wood can be naturally dried by stacking it in open or semi-covered areas. This method takes longer but provides effective results when managed properly.<\/p>\n<h3><span class=\"ez-toc-section\" id=\"2_Kiln_Drying\"><\/span>2. Kiln Drying<span class=\"ez-toc-section-end\"><\/span><\/h3>\n<p>This is the most preferred method in modern production. Temperature, humidity, and airflow are controlled carefully. As a result, the wood dries more evenly and quickly.<\/p>\n<p>Quality manufacturers generally prefer kiln drying systems for table and chair production.<\/p>\n<h2><span class=\"ez-toc-section\" id=\"What_Problems_Can_Incorrect_Drying_Cause\"><\/span>What Problems Can Incorrect Drying Cause?<span class=\"ez-toc-section-end\"><\/span><\/h2>\n<p>\u2022 The wood may crack.<br \/>\n\u2022 Tabletops may warp.<br \/>\n\u2022 Joint areas may open.<br \/>\n\u2022 Surface defects may occur.<br \/>\n\u2022 The lifespan of the furniture may be shortened.<\/p>\n<h2><span class=\"ez-toc-section\" id=\"The_Foundation_of_Quality_Furniture_Is_Proper_Drying\"><\/span>The Foundation of Quality Furniture Is Proper Drying<span class=\"ez-toc-section-end\"><\/span><\/h2>\n<p>Producing a stylish table or chair is important, but producing furniture that remains durable for many years is equally essential. This is only possible with wood that is cut at the right time, sawn correctly, and professionally dried.<\/p>\n<p>For users looking for long-lasting natural wood products, the production process is just as important as appearance.[\/vc_column_text][\/vc_column][\/vc_row]<\/p>\n<\/div>","protected":false},"excerpt":{"rendered":"<p>[vc_row][vc_column][vc_column_text woodmart_inline=&#8221;no&#8221; text_larger=&#8221;no&#8221;]Furniture wood quality depends not only on the tree species itself, but also directly on how it is<\/p>\n","protected":false},"author":1,"featured_media":10406,"comment_status":"open","ping_status":"open","sticky":false,"template":"","format":"standard","meta":{"footnotes":""},"categories":[96],"tags":[],"class_list":["post-15538","post","type-post","status-publish","format-standard","has-post-thumbnail","hentry","category-uncategorized"],"yoast_head":"<!-- This site is optimized with the Yoast SEO Premium plugin v25.9 (Yoast SEO v27.7) - https:\/\/yoast.com\/product\/yoast-seo-premium-wordpress\/ -->\n<title>How Should Furniture Wood Be Dried, and When Should Trees Be Cut and Sawn? - Ravilla<\/title>\n<meta name=\"description\" content=\"The quality of furniture wood depends not only on the species it comes from, but also directly on how it is cut and when it is sawn.\" \/>\n<meta name=\"robots\" content=\"index, follow, max-snippet:-1, max-image-preview:large, max-video-preview:-1\" \/>\n<link rel=\"canonical\" href=\"https:\/\/ravilla.com.tr\/en\/how-should-furniture-wood-be-dried-and-when-should-trees-be-cut-and-sawn\/\" \/>\n<meta property=\"og:locale\" content=\"en_US\" \/>\n<meta property=\"og:type\" content=\"article\" \/>\n<meta property=\"og:title\" content=\"How Should Furniture Wood Be Dried, and When Should Trees Be Cut and Sawn?\" \/>\n<meta property=\"og:description\" content=\"The quality of furniture wood depends not only on the species it comes from, but also directly on how it is cut and when it is sawn.\" \/>\n<meta property=\"og:url\" content=\"https:\/\/ravilla.com.tr\/en\/how-should-furniture-wood-be-dried-and-when-should-trees-be-cut-and-sawn\/\" \/>\n<meta property=\"og:site_name\" content=\"Ravilla\" \/>\n<meta property=\"article:publisher\" content=\"https:\/\/www.facebook.com\/ravillafurniture\/\" \/>\n<meta property=\"article:published_time\" content=\"2026-09-04T07:00:47+00:00\" \/>\n<meta property=\"og:image\" content=\"https:\/\/ravilla.com.tr\/wp-content\/uploads\/2024\/02\/izmir-ceviz-sehpa-2.jpg\" \/>\n\t<meta property=\"og:image:width\" content=\"1600\" \/>\n\t<meta property=\"og:image:height\" content=\"1200\" \/>\n\t<meta property=\"og:image:type\" content=\"image\/jpeg\" \/>\n<meta name=\"author\" content=\"yonetici\" \/>\n<meta name=\"twitter:card\" content=\"summary_large_image\" \/>\n<meta name=\"twitter:label1\" content=\"Written by\" \/>\n\t<meta name=\"twitter:data1\" content=\"yonetici\" \/>\n\t<meta name=\"twitter:label2\" content=\"Est. reading time\" \/>\n\t<meta name=\"twitter:data2\" content=\"4 minutes\" \/>\n<script type=\"application\/ld+json\" class=\"yoast-schema-graph\">{\"@context\":\"https:\\\/\\\/schema.org\",\"@graph\":[{\"@type\":\"Article\",\"@id\":\"https:\\\/\\\/ravilla.com.tr\\\/en\\\/how-should-furniture-wood-be-dried-and-when-should-trees-be-cut-and-sawn\\\/#article\",\"isPartOf\":{\"@id\":\"https:\\\/\\\/ravilla.com.tr\\\/en\\\/how-should-furniture-wood-be-dried-and-when-should-trees-be-cut-and-sawn\\\/\"},\"author\":{\"name\":\"yonetici\",\"@id\":\"https:\\\/\\\/ravilla.com.tr\\\/en\\\/#\\\/schema\\\/person\\\/dff7374624803e38fa32e509775bc1ee\"},\"headline\":\"How Should Furniture Wood Be Dried, and When Should Trees Be Cut and Sawn?\",\"datePublished\":\"2026-09-04T07:00:47+00:00\",\"mainEntityOfPage\":{\"@id\":\"https:\\\/\\\/ravilla.com.tr\\\/en\\\/how-should-furniture-wood-be-dried-and-when-should-trees-be-cut-and-sawn\\\/\"},\"wordCount\":517,\"commentCount\":0,\"publisher\":{\"@id\":\"https:\\\/\\\/ravilla.com.tr\\\/en\\\/#organization\"},\"image\":{\"@id\":\"https:\\\/\\\/ravilla.com.tr\\\/en\\\/how-should-furniture-wood-be-dried-and-when-should-trees-be-cut-and-sawn\\\/#primaryimage\"},\"thumbnailUrl\":\"https:\\\/\\\/ravilla.com.tr\\\/wp-content\\\/uploads\\\/2024\\\/02\\\/izmir-ceviz-sehpa-2.jpg\",\"inLanguage\":\"en-US\",\"potentialAction\":[{\"@type\":\"CommentAction\",\"name\":\"Comment\",\"target\":[\"https:\\\/\\\/ravilla.com.tr\\\/en\\\/how-should-furniture-wood-be-dried-and-when-should-trees-be-cut-and-sawn\\\/#respond\"]}]},{\"@type\":\"WebPage\",\"@id\":\"https:\\\/\\\/ravilla.com.tr\\\/en\\\/how-should-furniture-wood-be-dried-and-when-should-trees-be-cut-and-sawn\\\/\",\"url\":\"https:\\\/\\\/ravilla.com.tr\\\/en\\\/how-should-furniture-wood-be-dried-and-when-should-trees-be-cut-and-sawn\\\/\",\"name\":\"How Should Furniture Wood Be Dried, and When Should Trees Be Cut and Sawn? - Ravilla\",\"isPartOf\":{\"@id\":\"https:\\\/\\\/ravilla.com.tr\\\/en\\\/#website\"},\"primaryImageOfPage\":{\"@id\":\"https:\\\/\\\/ravilla.com.tr\\\/en\\\/how-should-furniture-wood-be-dried-and-when-should-trees-be-cut-and-sawn\\\/#primaryimage\"},\"image\":{\"@id\":\"https:\\\/\\\/ravilla.com.tr\\\/en\\\/how-should-furniture-wood-be-dried-and-when-should-trees-be-cut-and-sawn\\\/#primaryimage\"},\"thumbnailUrl\":\"https:\\\/\\\/ravilla.com.tr\\\/wp-content\\\/uploads\\\/2024\\\/02\\\/izmir-ceviz-sehpa-2.jpg\",\"datePublished\":\"2026-09-04T07:00:47+00:00\",\"description\":\"The quality of furniture wood depends not only on the species it comes from, but also directly on how it is cut and when it is sawn.\",\"breadcrumb\":{\"@id\":\"https:\\\/\\\/ravilla.com.tr\\\/en\\\/how-should-furniture-wood-be-dried-and-when-should-trees-be-cut-and-sawn\\\/#breadcrumb\"},\"inLanguage\":\"en-US\",\"potentialAction\":[{\"@type\":\"ReadAction\",\"target\":[\"https:\\\/\\\/ravilla.com.tr\\\/en\\\/how-should-furniture-wood-be-dried-and-when-should-trees-be-cut-and-sawn\\\/\"]}]},{\"@type\":\"ImageObject\",\"inLanguage\":\"en-US\",\"@id\":\"https:\\\/\\\/ravilla.com.tr\\\/en\\\/how-should-furniture-wood-be-dried-and-when-should-trees-be-cut-and-sawn\\\/#primaryimage\",\"url\":\"https:\\\/\\\/ravilla.com.tr\\\/wp-content\\\/uploads\\\/2024\\\/02\\\/izmir-ceviz-sehpa-2.jpg\",\"contentUrl\":\"https:\\\/\\\/ravilla.com.tr\\\/wp-content\\\/uploads\\\/2024\\\/02\\\/izmir-ceviz-sehpa-2.jpg\",\"width\":1600,\"height\":1200,\"caption\":\"izmir ceviz sehpa 2\"},{\"@type\":\"BreadcrumbList\",\"@id\":\"https:\\\/\\\/ravilla.com.tr\\\/en\\\/how-should-furniture-wood-be-dried-and-when-should-trees-be-cut-and-sawn\\\/#breadcrumb\",\"itemListElement\":[{\"@type\":\"ListItem\",\"position\":1,\"name\":\"Anasayfa\",\"item\":\"https:\\\/\\\/ravilla.com.tr\\\/en\\\/\"},{\"@type\":\"ListItem\",\"position\":2,\"name\":\"How Should Furniture Wood Be Dried, and When Should Trees Be Cut and Sawn?\"}]},{\"@type\":\"WebSite\",\"@id\":\"https:\\\/\\\/ravilla.com.tr\\\/en\\\/#website\",\"url\":\"https:\\\/\\\/ravilla.com.tr\\\/en\\\/\",\"name\":\"Ravilla - Do\u011fal Ah\u015fap \u00dcr\u00fcnleri\",\"description\":\"Do\u011fal Ah\u015fap \u00dcr\u00fcnleri\",\"publisher\":{\"@id\":\"https:\\\/\\\/ravilla.com.tr\\\/en\\\/#organization\"},\"potentialAction\":[{\"@type\":\"SearchAction\",\"target\":{\"@type\":\"EntryPoint\",\"urlTemplate\":\"https:\\\/\\\/ravilla.com.tr\\\/en\\\/?s={search_term_string}\"},\"query-input\":{\"@type\":\"PropertyValueSpecification\",\"valueRequired\":true,\"valueName\":\"search_term_string\"}}],\"inLanguage\":\"en-US\"},{\"@type\":\"Organization\",\"@id\":\"https:\\\/\\\/ravilla.com.tr\\\/en\\\/#organization\",\"name\":\"Ravilla\",\"url\":\"https:\\\/\\\/ravilla.com.tr\\\/en\\\/\",\"logo\":{\"@type\":\"ImageObject\",\"inLanguage\":\"en-US\",\"@id\":\"https:\\\/\\\/ravilla.com.tr\\\/en\\\/#\\\/schema\\\/logo\\\/image\\\/\",\"url\":\"https:\\\/\\\/ravilla.com.tr\\\/wp-content\\\/uploads\\\/2024\\\/01\\\/ravilla-green-logo.png\",\"contentUrl\":\"https:\\\/\\\/ravilla.com.tr\\\/wp-content\\\/uploads\\\/2024\\\/01\\\/ravilla-green-logo.png\",\"width\":600,\"height\":97,\"caption\":\"Ravilla\"},\"image\":{\"@id\":\"https:\\\/\\\/ravilla.com.tr\\\/en\\\/#\\\/schema\\\/logo\\\/image\\\/\"},\"sameAs\":[\"https:\\\/\\\/www.facebook.com\\\/ravillafurniture\\\/\",\"https:\\\/\\\/www.instagram.com\\\/ravillafurniture\\\/\",\"https:\\\/\\\/www.facebook.com\\\/ravillafurniture\",\"https:\\\/\\\/www.youtube.com\\\/channel\\\/UCSNVFyVDka8roK63uWpoi-g\"]},{\"@type\":\"Person\",\"@id\":\"https:\\\/\\\/ravilla.com.tr\\\/en\\\/#\\\/schema\\\/person\\\/dff7374624803e38fa32e509775bc1ee\",\"name\":\"yonetici\",\"image\":{\"@type\":\"ImageObject\",\"inLanguage\":\"en-US\",\"@id\":\"https:\\\/\\\/secure.gravatar.com\\\/avatar\\\/0c157d604413d0d2b01446d51517a5d16ecf4fbc9f843f70c555d8ae0f36e465?s=96&d=mm&r=g\",\"url\":\"https:\\\/\\\/secure.gravatar.com\\\/avatar\\\/0c157d604413d0d2b01446d51517a5d16ecf4fbc9f843f70c555d8ae0f36e465?s=96&d=mm&r=g\",\"contentUrl\":\"https:\\\/\\\/secure.gravatar.com\\\/avatar\\\/0c157d604413d0d2b01446d51517a5d16ecf4fbc9f843f70c555d8ae0f36e465?s=96&d=mm&r=g\",\"caption\":\"yonetici\"},\"sameAs\":[\"http:\\\/\\\/ravilla.com.tr\"],\"url\":\"https:\\\/\\\/ravilla.com.tr\\\/en\\\/author\\\/yonetici\\\/\"}]}<\/script>\n<!-- \/ Yoast SEO Premium plugin. -->","yoast_head_json":{"title":"How Should Furniture Wood Be Dried, and When Should Trees Be Cut and Sawn? - Ravilla","description":"The quality of furniture wood depends not only on the species it comes from, but also directly on how it is cut and when it is sawn.","robots":{"index":"index","follow":"follow","max-snippet":"max-snippet:-1","max-image-preview":"max-image-preview:large","max-video-preview":"max-video-preview:-1"},"canonical":"https:\/\/ravilla.com.tr\/en\/how-should-furniture-wood-be-dried-and-when-should-trees-be-cut-and-sawn\/","og_locale":"en_US","og_type":"article","og_title":"How Should Furniture Wood Be Dried, and When Should Trees Be Cut and Sawn?","og_description":"The quality of furniture wood depends not only on the species it comes from, but also directly on how it is cut and when it is sawn.","og_url":"https:\/\/ravilla.com.tr\/en\/how-should-furniture-wood-be-dried-and-when-should-trees-be-cut-and-sawn\/","og_site_name":"Ravilla","article_publisher":"https:\/\/www.facebook.com\/ravillafurniture\/","article_published_time":"2026-09-04T07:00:47+00:00","og_image":[{"width":1600,"height":1200,"url":"https:\/\/ravilla.com.tr\/wp-content\/uploads\/2024\/02\/izmir-ceviz-sehpa-2.jpg","type":"image\/jpeg"}],"author":"yonetici","twitter_card":"summary_large_image","twitter_misc":{"Written by":"yonetici","Est. reading time":"4 minutes"},"schema":{"@context":"https:\/\/schema.org","@graph":[{"@type":"Article","@id":"https:\/\/ravilla.com.tr\/en\/how-should-furniture-wood-be-dried-and-when-should-trees-be-cut-and-sawn\/#article","isPartOf":{"@id":"https:\/\/ravilla.com.tr\/en\/how-should-furniture-wood-be-dried-and-when-should-trees-be-cut-and-sawn\/"},"author":{"name":"yonetici","@id":"https:\/\/ravilla.com.tr\/en\/#\/schema\/person\/dff7374624803e38fa32e509775bc1ee"},"headline":"How Should Furniture Wood Be Dried, and When Should Trees Be Cut and Sawn?","datePublished":"2026-09-04T07:00:47+00:00","mainEntityOfPage":{"@id":"https:\/\/ravilla.com.tr\/en\/how-should-furniture-wood-be-dried-and-when-should-trees-be-cut-and-sawn\/"},"wordCount":517,"commentCount":0,"publisher":{"@id":"https:\/\/ravilla.com.tr\/en\/#organization"},"image":{"@id":"https:\/\/ravilla.com.tr\/en\/how-should-furniture-wood-be-dried-and-when-should-trees-be-cut-and-sawn\/#primaryimage"},"thumbnailUrl":"https:\/\/ravilla.com.tr\/wp-content\/uploads\/2024\/02\/izmir-ceviz-sehpa-2.jpg","inLanguage":"en-US","potentialAction":[{"@type":"CommentAction","name":"Comment","target":["https:\/\/ravilla.com.tr\/en\/how-should-furniture-wood-be-dried-and-when-should-trees-be-cut-and-sawn\/#respond"]}]},{"@type":"WebPage","@id":"https:\/\/ravilla.com.tr\/en\/how-should-furniture-wood-be-dried-and-when-should-trees-be-cut-and-sawn\/","url":"https:\/\/ravilla.com.tr\/en\/how-should-furniture-wood-be-dried-and-when-should-trees-be-cut-and-sawn\/","name":"How Should Furniture Wood Be Dried, and When Should Trees Be Cut and Sawn? - Ravilla","isPartOf":{"@id":"https:\/\/ravilla.com.tr\/en\/#website"},"primaryImageOfPage":{"@id":"https:\/\/ravilla.com.tr\/en\/how-should-furniture-wood-be-dried-and-when-should-trees-be-cut-and-sawn\/#primaryimage"},"image":{"@id":"https:\/\/ravilla.com.tr\/en\/how-should-furniture-wood-be-dried-and-when-should-trees-be-cut-and-sawn\/#primaryimage"},"thumbnailUrl":"https:\/\/ravilla.com.tr\/wp-content\/uploads\/2024\/02\/izmir-ceviz-sehpa-2.jpg","datePublished":"2026-09-04T07:00:47+00:00","description":"The quality of furniture wood depends not only on the species it comes from, but also directly on how it is cut and when it is sawn.","breadcrumb":{"@id":"https:\/\/ravilla.com.tr\/en\/how-should-furniture-wood-be-dried-and-when-should-trees-be-cut-and-sawn\/#breadcrumb"},"inLanguage":"en-US","potentialAction":[{"@type":"ReadAction","target":["https:\/\/ravilla.com.tr\/en\/how-should-furniture-wood-be-dried-and-when-should-trees-be-cut-and-sawn\/"]}]},{"@type":"ImageObject","inLanguage":"en-US","@id":"https:\/\/ravilla.com.tr\/en\/how-should-furniture-wood-be-dried-and-when-should-trees-be-cut-and-sawn\/#primaryimage","url":"https:\/\/ravilla.com.tr\/wp-content\/uploads\/2024\/02\/izmir-ceviz-sehpa-2.jpg","contentUrl":"https:\/\/ravilla.com.tr\/wp-content\/uploads\/2024\/02\/izmir-ceviz-sehpa-2.jpg","width":1600,"height":1200,"caption":"izmir ceviz sehpa 2"},{"@type":"BreadcrumbList","@id":"https:\/\/ravilla.com.tr\/en\/how-should-furniture-wood-be-dried-and-when-should-trees-be-cut-and-sawn\/#breadcrumb","itemListElement":[{"@type":"ListItem","position":1,"name":"Anasayfa","item":"https:\/\/ravilla.com.tr\/en\/"},{"@type":"ListItem","position":2,"name":"How Should Furniture Wood Be Dried, and When Should Trees Be Cut and Sawn?"}]},{"@type":"WebSite","@id":"https:\/\/ravilla.com.tr\/en\/#website","url":"https:\/\/ravilla.com.tr\/en\/","name":"Ravilla - Do\u011fal Ah\u015fap \u00dcr\u00fcnleri","description":"Do\u011fal Ah\u015fap \u00dcr\u00fcnleri","publisher":{"@id":"https:\/\/ravilla.com.tr\/en\/#organization"},"potentialAction":[{"@type":"SearchAction","target":{"@type":"EntryPoint","urlTemplate":"https:\/\/ravilla.com.tr\/en\/?s={search_term_string}"},"query-input":{"@type":"PropertyValueSpecification","valueRequired":true,"valueName":"search_term_string"}}],"inLanguage":"en-US"},{"@type":"Organization","@id":"https:\/\/ravilla.com.tr\/en\/#organization","name":"Ravilla","url":"https:\/\/ravilla.com.tr\/en\/","logo":{"@type":"ImageObject","inLanguage":"en-US","@id":"https:\/\/ravilla.com.tr\/en\/#\/schema\/logo\/image\/","url":"https:\/\/ravilla.com.tr\/wp-content\/uploads\/2024\/01\/ravilla-green-logo.png","contentUrl":"https:\/\/ravilla.com.tr\/wp-content\/uploads\/2024\/01\/ravilla-green-logo.png","width":600,"height":97,"caption":"Ravilla"},"image":{"@id":"https:\/\/ravilla.com.tr\/en\/#\/schema\/logo\/image\/"},"sameAs":["https:\/\/www.facebook.com\/ravillafurniture\/","https:\/\/www.instagram.com\/ravillafurniture\/","https:\/\/www.facebook.com\/ravillafurniture","https:\/\/www.youtube.com\/channel\/UCSNVFyVDka8roK63uWpoi-g"]},{"@type":"Person","@id":"https:\/\/ravilla.com.tr\/en\/#\/schema\/person\/dff7374624803e38fa32e509775bc1ee","name":"yonetici","image":{"@type":"ImageObject","inLanguage":"en-US","@id":"https:\/\/secure.gravatar.com\/avatar\/0c157d604413d0d2b01446d51517a5d16ecf4fbc9f843f70c555d8ae0f36e465?s=96&d=mm&r=g","url":"https:\/\/secure.gravatar.com\/avatar\/0c157d604413d0d2b01446d51517a5d16ecf4fbc9f843f70c555d8ae0f36e465?s=96&d=mm&r=g","contentUrl":"https:\/\/secure.gravatar.com\/avatar\/0c157d604413d0d2b01446d51517a5d16ecf4fbc9f843f70c555d8ae0f36e465?s=96&d=mm&r=g","caption":"yonetici"},"sameAs":["http:\/\/ravilla.com.tr"],"url":"https:\/\/ravilla.com.tr\/en\/author\/yonetici\/"}]}},"_links":{"self":[{"href":"https:\/\/ravilla.com.tr\/en\/wp-json\/wp\/v2\/posts\/15538","targetHints":{"allow":["GET"]}}],"collection":[{"href":"https:\/\/ravilla.com.tr\/en\/wp-json\/wp\/v2\/posts"}],"about":[{"href":"https:\/\/ravilla.com.tr\/en\/wp-json\/wp\/v2\/types\/post"}],"author":[{"embeddable":true,"href":"https:\/\/ravilla.com.tr\/en\/wp-json\/wp\/v2\/users\/1"}],"replies":[{"embeddable":true,"href":"https:\/\/ravilla.com.tr\/en\/wp-json\/wp\/v2\/comments?post=15538"}],"version-history":[{"count":0,"href":"https:\/\/ravilla.com.tr\/en\/wp-json\/wp\/v2\/posts\/15538\/revisions"}],"wp:featuredmedia":[{"embeddable":true,"href":"https:\/\/ravilla.com.tr\/en\/wp-json\/wp\/v2\/media\/10406"}],"wp:attachment":[{"href":"https:\/\/ravilla.com.tr\/en\/wp-json\/wp\/v2\/media?parent=15538"}],"wp:term":[{"taxonomy":"category","embeddable":true,"href":"https:\/\/ravilla.com.tr\/en\/wp-json\/wp\/v2\/categories?post=15538"},{"taxonomy":"post_tag","embeddable":true,"href":"https:\/\/ravilla.com.tr\/en\/wp-json\/wp\/v2\/tags?post=15538"}],"curies":[{"name":"wp","href":"https:\/\/api.w.org\/{rel}","templated":true}]}}