
			
				

					
				

			
		{"items":"\n\t\t\t\t\t\t\t\t\t\t\t\n<article id=\"post-17616\" class=\"wd-post blog-design-meta-image blog-post-loop blog-style-bg wd-add-shadow wd-col post-17616 post type-post status-publish format-standard has-post-thumbnail hentry category-uncategorized-tr\">\n\t\t\t<div class=\"wd-post-inner\">\n\t\n\t<div class=\"wd-post-thumb color-scheme-light\">\n\t\t\t\t\t<div class=\"wd-post-img\">\n\t\t\t\t<img width=\"1000\" height=\"835\" src=\"https:\/\/ravilla.com.tr\/wp-content\/uploads\/2026\/05\/01.jpg\" class=\"attachment-large size-large\" alt=\"01\" decoding=\"async\" fetchpriority=\"high\" srcset=\"https:\/\/ravilla.com.tr\/wp-content\/uploads\/2026\/05\/01.jpg 1000w, https:\/\/ravilla.com.tr\/wp-content\/uploads\/2026\/05\/01-300x251.jpg 300w, https:\/\/ravilla.com.tr\/wp-content\/uploads\/2026\/05\/01-768x641.jpg 768w, https:\/\/ravilla.com.tr\/wp-content\/uploads\/2026\/05\/01-150x125.jpg 150w\" sizes=\"(max-width: 1000px) 100vw, 1000px\" \/>\t\t\t<\/div>\n\t\t\n\t\t\t\t<a class=\"wd-post-link wd-fill\" href=\"https:\/\/ravilla.com.tr\/17616\/\" rel=\"bookmark\" aria-label=\"Link on post D\u00fcnyada Otel, Restoran ve Kafelerde En \u00c7ok Hangi Masalar Tercih Ediliyor?\"><\/a>\n\n\t\t\t\t\t<div class=\"wd-post-header\">\n\t\t\t\t<div class=\"wd-meta-author\">\n\t\t\t\t\t\t\t\n\t\t\t\t\t<img alt='author-avatar' src='https:\/\/secure.gravatar.com\/avatar\/0c157d604413d0d2b01446d51517a5d16ecf4fbc9f843f70c555d8ae0f36e465?s=32&#038;d=mm&#038;r=g' srcset='https:\/\/secure.gravatar.com\/avatar\/0c157d604413d0d2b01446d51517a5d16ecf4fbc9f843f70c555d8ae0f36e465?s=64&#038;d=mm&#038;r=g 2x' class='avatar avatar-32 photo' height='32' width='32' decoding='async'\/>\t\t\n\t\t<a href=\"https:\/\/ravilla.com.tr\/author\/yonetici\/\" rel=\"author\">\n\t\t\t<span class=\"vcard author author_name\">\n\t\t\t\t<span class=\"fn\">yonetici<\/span>\n\t\t\t<\/span>\n\t\t<\/a>\n\t\t\t\t\t\t<\/div>\n\n\t\t\t\t<div class=\"wd-post-actions\">\n\t\t\t\t\t\t\t\t\t\t\t<div class=\"wd-post-share wd-tltp wd-tltp-top\">\n\t\t\t\t\t\t\t<div class=\"wd-tooltip-label\">\n\t\t\t\t\t\t\t\t\t\t\t<link rel=\"stylesheet\" id=\"wd-social-icons-css\" href=\"https:\/\/ravilla.com.tr\/wp-content\/themes\/kodektif-theme\/css\/parts\/el-social-icons.min.css?ver=7.4.3\" type=\"text\/css\" media=\"all\" \/> \t\t\t\n\t\t\t<div class=\" wd-social-icons  icons-design-default icons-size-small color-scheme-light social-share social-form-circle text-center\">\n\n\t\t\t\t\n\t\t\t\t\t\t\t\t\t<a rel=\"noopener noreferrer nofollow\" href=\"https:\/\/www.facebook.com\/sharer\/sharer.php?u=https:\/\/ravilla.com.tr\/17616\/\" target=\"_blank\" class=\" wd-social-icon social-facebook\" aria-label=\"Facebook social link\">\n\t\t\t\t\t\t<span class=\"wd-icon\"><\/span>\n\t\t\t\t\t\t\t\t\t\t\t<\/a>\n\t\t\t\t\n\t\t\t\t\t\t\t\t\t<a rel=\"noopener noreferrer nofollow\" href=\"https:\/\/x.com\/share?url=https:\/\/ravilla.com.tr\/17616\/\" target=\"_blank\" class=\" wd-social-icon social-twitter\" aria-label=\"X social link\">\n\t\t\t\t\t\t<span class=\"wd-icon\"><\/span>\n\t\t\t\t\t\t\t\t\t\t\t<\/a>\n\t\t\t\t\n\t\t\t\t\n\t\t\t\t\n\t\t\t\t\n\t\t\t\t\t\t\t\t\t<a rel=\"noopener noreferrer nofollow\" href=\"https:\/\/pinterest.com\/pin\/create\/button\/?url=https:\/\/ravilla.com.tr\/17616\/&media=https:\/\/ravilla.com.tr\/wp-content\/uploads\/2026\/05\/01.jpg&description=D%C3%BCnyada+Otel%2C+Restoran+ve+Kafelerde+En+%C3%87ok+Hangi+Masalar+Tercih+Ediliyor%3F\" target=\"_blank\" class=\" wd-social-icon social-pinterest\" aria-label=\"Pinterest social link\">\n\t\t\t\t\t\t<span class=\"wd-icon\"><\/span>\n\t\t\t\t\t\t\t\t\t\t\t<\/a>\n\t\t\t\t\n\t\t\t\t\n\t\t\t\t\t\t\t\t\t<a rel=\"noopener noreferrer nofollow\" href=\"https:\/\/www.linkedin.com\/shareArticle?mini=true&url=https:\/\/ravilla.com.tr\/17616\/\" target=\"_blank\" class=\" wd-social-icon social-linkedin\" aria-label=\"Linkedin social link\">\n\t\t\t\t\t\t<span class=\"wd-icon\"><\/span>\n\t\t\t\t\t\t\t\t\t\t\t<\/a>\n\t\t\t\t\n\t\t\t\t\n\t\t\t\t\n\t\t\t\t\n\t\t\t\t\n\t\t\t\t\n\t\t\t\t\n\t\t\t\t\n\t\t\t\t\n\t\t\t\t\n\t\t\t\t\t\t\t\t\n\t\t\t\t\t\t\t\t\n\t\t\t\t\n\t\t\t\t\n\t\t\t\t\t\t\t\t\t<a rel=\"noopener noreferrer nofollow\" href=\"https:\/\/telegram.me\/share\/url?url=https:\/\/ravilla.com.tr\/17616\/\" target=\"_blank\" class=\" wd-social-icon social-tg\" aria-label=\"Telegram social link\">\n\t\t\t\t\t\t<span class=\"wd-icon\"><\/span>\n\t\t\t\t\t\t\t\t\t\t\t<\/a>\n\t\t\t\t\t\t\t\t\n\t\t\t\t\n\t\t\t<\/div>\n\n\t\t\t\t\t\t\t\t\t<\/div>\n\t\t\t\t\t\t<\/div>\n\t\t\t\t\t\n\t\t\t\t\t\t\t\t\t\t\t<div class=\"wd-meta-reply\">\n\t\t\t\t\t\t\t<a href=\"https:\/\/ravilla.com.tr\/17616\/#respond\"><span class=\"replies-count\">0<\/span> <span class=\"replies-count-label\">comments<\/span><\/a>\t\t\t\t\t\t<\/div>\n\t\t\t\t\t\t\t\t\t<\/div>\n\t\t\t<\/div>\n\t\t\t<\/div>\n\n\t<div class=\"wd-post-content\">\n\t\t<div class=\"wd-post-entry-meta\">\n\t\t\t\t\t\t\t\t\t\t<div class=\"wd-post-cat wd-style-default\">\n\t\t\t\t\t<a href=\"https:\/\/ravilla.com.tr\/category\/uncategorized-tr\/\" rel=\"category tag\">Uncategorized @tr<\/a>\t\t\t\t<\/div>\n\t\t\t\n\t\t\t<div class=\"wd-modified-date\">\n\t\t\t\t\t\t<time class=\"updated\" datetime=\"2026-06-08T12:18:57+03:00\">\n\t\t\t8 Haziran 2026\t\t<\/time>\n\t\t\t\t\t<\/div>\n\n\t\t\t<div class=\"wd-meta-date\">\n\t\t\t\t29 May 2026\t\t\t<\/div>\n\t\t<\/div>\n\n\t\t\t\t\t<h3 class=\"wd-entities-title title post-title\">\n\t\t\t\t<a href=\"https:\/\/ravilla.com.tr\/17616\/\" rel=\"bookmark\">\n\t\t\t\t\tD\u00fcnyada Otel, Restoran ve Kafelerde En \u00c7ok Hangi Masalar Tercih Ediliyor?\t\t\t\t<\/a>\n\t\t\t<\/h3>\n\t\t\n\t\t\t\t\t<div class=\"wd-entry-content\">\n\t\t\t\t\t\t\t\t\tD\u00fcnya genelinde otel, kafe ve restoranlarda en yayg\u0131n kullan\u0131lan masalar; i\u015fletmenin konseptine ve operasyonel ihtiya\u00e7lar\u0131na g\u00f6re de\u011fi\u015f...\t\t\t\t\t\t\t\t\t\t\t\t<\/div>\n\t\t\n\t\t\t\t\t\t\t\t\t\t<div class=\"wd-read-more\">\n\t\t\t\t\t\t<a class=\"btn-read-more more-link\" href=\"https:\/\/ravilla.com.tr\/17616\/\">Continue reading<\/a>\t\t\t\t\t<\/div>\n\t\t\t\t\t\t\t<\/div>\n\n\t\t\t<\/div>\n\t<\/article>\n\t\t\t\t\t\t\t\t\t\t\t\n<article id=\"post-11309\" class=\"wd-post blog-design-meta-image blog-post-loop blog-style-bg wd-add-shadow wd-col post-11309 post type-post status-publish format-standard has-post-thumbnail hentry category-uncategorized-tr\">\n\t\t\t<div class=\"wd-post-inner\">\n\t\n\t<div class=\"wd-post-thumb color-scheme-light\">\n\t\t\t\t\t<div class=\"wd-post-img\">\n\t\t\t\t<img width=\"1024\" height=\"853\" src=\"https:\/\/ravilla.com.tr\/wp-content\/uploads\/2026\/03\/berjer-1024x853.jpg\" class=\"attachment-large size-large\" alt=\"berjer\" decoding=\"async\" srcset=\"https:\/\/ravilla.com.tr\/wp-content\/uploads\/2026\/03\/berjer-1024x853.jpg 1024w, https:\/\/ravilla.com.tr\/wp-content\/uploads\/2026\/03\/berjer-300x250.jpg 300w, https:\/\/ravilla.com.tr\/wp-content\/uploads\/2026\/03\/berjer-768x640.jpg 768w, https:\/\/ravilla.com.tr\/wp-content\/uploads\/2026\/03\/berjer-150x125.jpg 150w, https:\/\/ravilla.com.tr\/wp-content\/uploads\/2026\/03\/berjer.jpg 1200w\" sizes=\"(max-width: 1024px) 100vw, 1024px\" \/>\t\t\t<\/div>\n\t\t\n\t\t\t\t<a class=\"wd-post-link wd-fill\" href=\"https:\/\/ravilla.com.tr\/otel-projeleri-icin-berjer-secimi-rehberi\/\" rel=\"bookmark\" aria-label=\"Link on post Otel Projeleri \u0130\u00e7in Berjer Se\u00e7imi Rehberi\"><\/a>\n\n\t\t\t\t\t<div class=\"wd-post-header\">\n\t\t\t\t<div class=\"wd-meta-author\">\n\t\t\t\t\t\t\t\n\t\t\t\t\t<img alt='author-avatar' src='https:\/\/secure.gravatar.com\/avatar\/0c157d604413d0d2b01446d51517a5d16ecf4fbc9f843f70c555d8ae0f36e465?s=32&#038;d=mm&#038;r=g' srcset='https:\/\/secure.gravatar.com\/avatar\/0c157d604413d0d2b01446d51517a5d16ecf4fbc9f843f70c555d8ae0f36e465?s=64&#038;d=mm&#038;r=g 2x' class='avatar avatar-32 photo' height='32' width='32' decoding='async'\/>\t\t\n\t\t<a href=\"https:\/\/ravilla.com.tr\/author\/yonetici\/\" rel=\"author\">\n\t\t\t<span class=\"vcard author author_name\">\n\t\t\t\t<span class=\"fn\">yonetici<\/span>\n\t\t\t<\/span>\n\t\t<\/a>\n\t\t\t\t\t\t<\/div>\n\n\t\t\t\t<div class=\"wd-post-actions\">\n\t\t\t\t\t\t\t\t\t\t\t<div class=\"wd-post-share wd-tltp wd-tltp-top\">\n\t\t\t\t\t\t\t<div class=\"wd-tooltip-label\">\n\t\t\t\t\t\t\t\t\n\t\t\t<div class=\" wd-social-icons  icons-design-default icons-size-small color-scheme-light social-share social-form-circle text-center\">\n\n\t\t\t\t\n\t\t\t\t\t\t\t\t\t<a rel=\"noopener noreferrer nofollow\" href=\"https:\/\/www.facebook.com\/sharer\/sharer.php?u=https:\/\/ravilla.com.tr\/otel-projeleri-icin-berjer-secimi-rehberi\/\" target=\"_blank\" class=\" wd-social-icon social-facebook\" aria-label=\"Facebook social link\">\n\t\t\t\t\t\t<span class=\"wd-icon\"><\/span>\n\t\t\t\t\t\t\t\t\t\t\t<\/a>\n\t\t\t\t\n\t\t\t\t\t\t\t\t\t<a rel=\"noopener noreferrer nofollow\" href=\"https:\/\/x.com\/share?url=https:\/\/ravilla.com.tr\/otel-projeleri-icin-berjer-secimi-rehberi\/\" target=\"_blank\" class=\" wd-social-icon social-twitter\" aria-label=\"X social link\">\n\t\t\t\t\t\t<span class=\"wd-icon\"><\/span>\n\t\t\t\t\t\t\t\t\t\t\t<\/a>\n\t\t\t\t\n\t\t\t\t\n\t\t\t\t\n\t\t\t\t\n\t\t\t\t\t\t\t\t\t<a rel=\"noopener noreferrer nofollow\" href=\"https:\/\/pinterest.com\/pin\/create\/button\/?url=https:\/\/ravilla.com.tr\/otel-projeleri-icin-berjer-secimi-rehberi\/&media=https:\/\/ravilla.com.tr\/wp-content\/uploads\/2026\/03\/berjer.jpg&description=Otel+Projeleri+%C4%B0%C3%A7in+Berjer+Se%C3%A7imi+Rehberi\" target=\"_blank\" class=\" wd-social-icon social-pinterest\" aria-label=\"Pinterest social link\">\n\t\t\t\t\t\t<span class=\"wd-icon\"><\/span>\n\t\t\t\t\t\t\t\t\t\t\t<\/a>\n\t\t\t\t\n\t\t\t\t\n\t\t\t\t\t\t\t\t\t<a rel=\"noopener noreferrer nofollow\" href=\"https:\/\/www.linkedin.com\/shareArticle?mini=true&url=https:\/\/ravilla.com.tr\/otel-projeleri-icin-berjer-secimi-rehberi\/\" target=\"_blank\" class=\" wd-social-icon social-linkedin\" aria-label=\"Linkedin social link\">\n\t\t\t\t\t\t<span class=\"wd-icon\"><\/span>\n\t\t\t\t\t\t\t\t\t\t\t<\/a>\n\t\t\t\t\n\t\t\t\t\n\t\t\t\t\n\t\t\t\t\n\t\t\t\t\n\t\t\t\t\n\t\t\t\t\n\t\t\t\t\n\t\t\t\t\n\t\t\t\t\n\t\t\t\t\t\t\t\t\n\t\t\t\t\t\t\t\t\n\t\t\t\t\n\t\t\t\t\n\t\t\t\t\t\t\t\t\t<a rel=\"noopener noreferrer nofollow\" href=\"https:\/\/telegram.me\/share\/url?url=https:\/\/ravilla.com.tr\/otel-projeleri-icin-berjer-secimi-rehberi\/\" target=\"_blank\" class=\" wd-social-icon social-tg\" aria-label=\"Telegram social link\">\n\t\t\t\t\t\t<span class=\"wd-icon\"><\/span>\n\t\t\t\t\t\t\t\t\t\t\t<\/a>\n\t\t\t\t\t\t\t\t\n\t\t\t\t\n\t\t\t<\/div>\n\n\t\t\t\t\t\t\t\t\t<\/div>\n\t\t\t\t\t\t<\/div>\n\t\t\t\t\t\n\t\t\t\t\t\t\t\t\t\t\t<div class=\"wd-meta-reply\">\n\t\t\t\t\t\t\t<a href=\"https:\/\/ravilla.com.tr\/otel-projeleri-icin-berjer-secimi-rehberi\/#respond\"><span class=\"replies-count\">0<\/span> <span class=\"replies-count-label\">comments<\/span><\/a>\t\t\t\t\t\t<\/div>\n\t\t\t\t\t\t\t\t\t<\/div>\n\t\t\t<\/div>\n\t\t\t<\/div>\n\n\t<div class=\"wd-post-content\">\n\t\t<div class=\"wd-post-entry-meta\">\n\t\t\t\t\t\t\t\t\t\t<div class=\"wd-post-cat wd-style-default\">\n\t\t\t\t\t<a href=\"https:\/\/ravilla.com.tr\/category\/uncategorized-tr\/\" rel=\"category tag\">Uncategorized @tr<\/a>\t\t\t\t<\/div>\n\t\t\t\n\t\t\t<div class=\"wd-modified-date\">\n\t\t\t\t\t\t<time class=\"updated\" datetime=\"2026-06-08T12:20:18+03:00\">\n\t\t\t8 Haziran 2026\t\t<\/time>\n\t\t\t\t\t<\/div>\n\n\t\t\t<div class=\"wd-meta-date\">\n\t\t\t\t28 May 2026\t\t\t<\/div>\n\t\t<\/div>\n\n\t\t\t\t\t<h3 class=\"wd-entities-title title post-title\">\n\t\t\t\t<a href=\"https:\/\/ravilla.com.tr\/otel-projeleri-icin-berjer-secimi-rehberi\/\" rel=\"bookmark\">\n\t\t\t\t\tOtel Projeleri \u0130\u00e7in Berjer Se\u00e7imi Rehberi\t\t\t\t<\/a>\n\t\t\t<\/h3>\n\t\t\n\t\t\t\t\t<div class=\"wd-entry-content\">\n\t\t\t\t\t\t\t\t\tOTEL PROJELER\u0130 \u0130\u00c7\u0130N BERJER SE\u00c7\u0130M\u0130 REHBER\u0130\r\nOtel projelerinizde berjer se\u00e7iminin p\u00fcf noktalar\u0131n\u0131 sizler i\u00e7in derledik.\r\n\r\nOtel projeleri...\t\t\t\t\t\t\t\t\t\t\t\t<\/div>\n\t\t\n\t\t\t\t\t\t\t\t\t\t<div class=\"wd-read-more\">\n\t\t\t\t\t\t<a class=\"btn-read-more more-link\" href=\"https:\/\/ravilla.com.tr\/otel-projeleri-icin-berjer-secimi-rehberi\/\">Continue reading<\/a>\t\t\t\t\t<\/div>\n\t\t\t\t\t\t\t<\/div>\n\n\t\t\t<\/div>\n\t<\/article>\n\t\t\t\t\t\t\t\t\t\t\t\n<article id=\"post-179\" class=\"wd-post blog-design-meta-image blog-post-loop blog-style-bg wd-add-shadow wd-col post-179 post type-post status-publish format-standard has-post-thumbnail hentry category-uncategorized-tr\">\n\t\t\t<div class=\"wd-post-inner\">\n\t\n\t<div class=\"wd-post-thumb color-scheme-light\">\n\t\t\t\t\t<div class=\"wd-post-img\">\n\t\t\t\t<img width=\"1024\" height=\"768\" src=\"https:\/\/ravilla.com.tr\/wp-content\/uploads\/2024\/02\/otel-projeler-blog-kapak-gorseli-1-1024x768.jpg\" class=\"attachment-large size-large\" alt=\"otel projeler blog kapak gorseli 1\" decoding=\"async\" srcset=\"https:\/\/ravilla.com.tr\/wp-content\/uploads\/2024\/02\/otel-projeler-blog-kapak-gorseli-1-1024x768.jpg 1024w, https:\/\/ravilla.com.tr\/wp-content\/uploads\/2024\/02\/otel-projeler-blog-kapak-gorseli-1-1200x900.jpg 1200w, https:\/\/ravilla.com.tr\/wp-content\/uploads\/2024\/02\/otel-projeler-blog-kapak-gorseli-1-150x113.jpg 150w, https:\/\/ravilla.com.tr\/wp-content\/uploads\/2024\/02\/otel-projeler-blog-kapak-gorseli-1-300x225.jpg 300w, https:\/\/ravilla.com.tr\/wp-content\/uploads\/2024\/02\/otel-projeler-blog-kapak-gorseli-1-768x576.jpg 768w, https:\/\/ravilla.com.tr\/wp-content\/uploads\/2024\/02\/otel-projeler-blog-kapak-gorseli-1-1536x1152.jpg 1536w, https:\/\/ravilla.com.tr\/wp-content\/uploads\/2024\/02\/otel-projeler-blog-kapak-gorseli-1.jpg 1600w\" sizes=\"(max-width: 1024px) 100vw, 1024px\" \/>\t\t\t<\/div>\n\t\t\n\t\t\t\t<a class=\"wd-post-link wd-fill\" href=\"https:\/\/ravilla.com.tr\/otellerde-kafelerde-restaurantlarda-ve-ofislerde-neden-ahsap-masa-tercih-edilmelidir\/\" rel=\"bookmark\" aria-label=\"Link on post Otellerde, Kafelerde, Restaurantlarda ve Ofislerde Neden Ah\u015fap Masa Tercih Edilmelidir?\"><\/a>\n\n\t\t\t\t\t<div class=\"wd-post-header\">\n\t\t\t\t<div class=\"wd-meta-author\">\n\t\t\t\t\t\t\t\n\t\t\t\t\t<img alt='author-avatar' src='https:\/\/secure.gravatar.com\/avatar\/0c157d604413d0d2b01446d51517a5d16ecf4fbc9f843f70c555d8ae0f36e465?s=32&#038;d=mm&#038;r=g' srcset='https:\/\/secure.gravatar.com\/avatar\/0c157d604413d0d2b01446d51517a5d16ecf4fbc9f843f70c555d8ae0f36e465?s=64&#038;d=mm&#038;r=g 2x' class='avatar avatar-32 photo' height='32' width='32' decoding='async'\/>\t\t\n\t\t<a href=\"https:\/\/ravilla.com.tr\/author\/yonetici\/\" rel=\"author\">\n\t\t\t<span class=\"vcard author author_name\">\n\t\t\t\t<span class=\"fn\">yonetici<\/span>\n\t\t\t<\/span>\n\t\t<\/a>\n\t\t\t\t\t\t<\/div>\n\n\t\t\t\t<div class=\"wd-post-actions\">\n\t\t\t\t\t\t\t\t\t\t\t<div class=\"wd-post-share wd-tltp wd-tltp-top\">\n\t\t\t\t\t\t\t<div class=\"wd-tooltip-label\">\n\t\t\t\t\t\t\t\t\n\t\t\t<div class=\" wd-social-icons  icons-design-default icons-size-small color-scheme-light social-share social-form-circle text-center\">\n\n\t\t\t\t\n\t\t\t\t\t\t\t\t\t<a rel=\"noopener noreferrer nofollow\" href=\"https:\/\/www.facebook.com\/sharer\/sharer.php?u=https:\/\/ravilla.com.tr\/otellerde-kafelerde-restaurantlarda-ve-ofislerde-neden-ahsap-masa-tercih-edilmelidir\/\" target=\"_blank\" class=\" wd-social-icon social-facebook\" aria-label=\"Facebook social link\">\n\t\t\t\t\t\t<span class=\"wd-icon\"><\/span>\n\t\t\t\t\t\t\t\t\t\t\t<\/a>\n\t\t\t\t\n\t\t\t\t\t\t\t\t\t<a rel=\"noopener noreferrer nofollow\" href=\"https:\/\/x.com\/share?url=https:\/\/ravilla.com.tr\/otellerde-kafelerde-restaurantlarda-ve-ofislerde-neden-ahsap-masa-tercih-edilmelidir\/\" target=\"_blank\" class=\" wd-social-icon social-twitter\" aria-label=\"X social link\">\n\t\t\t\t\t\t<span class=\"wd-icon\"><\/span>\n\t\t\t\t\t\t\t\t\t\t\t<\/a>\n\t\t\t\t\n\t\t\t\t\n\t\t\t\t\n\t\t\t\t\n\t\t\t\t\t\t\t\t\t<a rel=\"noopener noreferrer nofollow\" href=\"https:\/\/pinterest.com\/pin\/create\/button\/?url=https:\/\/ravilla.com.tr\/otellerde-kafelerde-restaurantlarda-ve-ofislerde-neden-ahsap-masa-tercih-edilmelidir\/&media=https:\/\/ravilla.com.tr\/wp-content\/uploads\/2024\/02\/otel-projeler-blog-kapak-gorseli-1.jpg&description=Otellerde%2C+Kafelerde%2C+Restaurantlarda+ve+Ofislerde+Neden+Ah%C5%9Fap+Masa+Tercih+Edilmelidir%3F\" target=\"_blank\" class=\" wd-social-icon social-pinterest\" aria-label=\"Pinterest social link\">\n\t\t\t\t\t\t<span class=\"wd-icon\"><\/span>\n\t\t\t\t\t\t\t\t\t\t\t<\/a>\n\t\t\t\t\n\t\t\t\t\n\t\t\t\t\t\t\t\t\t<a rel=\"noopener noreferrer nofollow\" href=\"https:\/\/www.linkedin.com\/shareArticle?mini=true&url=https:\/\/ravilla.com.tr\/otellerde-kafelerde-restaurantlarda-ve-ofislerde-neden-ahsap-masa-tercih-edilmelidir\/\" target=\"_blank\" class=\" wd-social-icon social-linkedin\" aria-label=\"Linkedin social link\">\n\t\t\t\t\t\t<span class=\"wd-icon\"><\/span>\n\t\t\t\t\t\t\t\t\t\t\t<\/a>\n\t\t\t\t\n\t\t\t\t\n\t\t\t\t\n\t\t\t\t\n\t\t\t\t\n\t\t\t\t\n\t\t\t\t\n\t\t\t\t\n\t\t\t\t\n\t\t\t\t\n\t\t\t\t\t\t\t\t\n\t\t\t\t\t\t\t\t\n\t\t\t\t\n\t\t\t\t\n\t\t\t\t\t\t\t\t\t<a rel=\"noopener noreferrer nofollow\" href=\"https:\/\/telegram.me\/share\/url?url=https:\/\/ravilla.com.tr\/otellerde-kafelerde-restaurantlarda-ve-ofislerde-neden-ahsap-masa-tercih-edilmelidir\/\" target=\"_blank\" class=\" wd-social-icon social-tg\" aria-label=\"Telegram social link\">\n\t\t\t\t\t\t<span class=\"wd-icon\"><\/span>\n\t\t\t\t\t\t\t\t\t\t\t<\/a>\n\t\t\t\t\t\t\t\t\n\t\t\t\t\n\t\t\t<\/div>\n\n\t\t\t\t\t\t\t\t\t<\/div>\n\t\t\t\t\t\t<\/div>\n\t\t\t\t\t\n\t\t\t\t\t\t\t\t\t\t\t<div class=\"wd-meta-reply\">\n\t\t\t\t\t\t\t<a href=\"https:\/\/ravilla.com.tr\/otellerde-kafelerde-restaurantlarda-ve-ofislerde-neden-ahsap-masa-tercih-edilmelidir\/#respond\"><span class=\"replies-count\">0<\/span> <span class=\"replies-count-label\">comments<\/span><\/a>\t\t\t\t\t\t<\/div>\n\t\t\t\t\t\t\t\t\t<\/div>\n\t\t\t<\/div>\n\t\t\t<\/div>\n\n\t<div class=\"wd-post-content\">\n\t\t<div class=\"wd-post-entry-meta\">\n\t\t\t\t\t\t\t\t\t\t<div class=\"wd-post-cat wd-style-default\">\n\t\t\t\t\t<a href=\"https:\/\/ravilla.com.tr\/category\/uncategorized-tr\/\" rel=\"category tag\">Uncategorized @tr<\/a>\t\t\t\t<\/div>\n\t\t\t\n\t\t\t<div class=\"wd-modified-date\">\n\t\t\t\t\t\t<time class=\"updated\" datetime=\"2026-06-08T12:22:20+03:00\">\n\t\t\t8 Haziran 2026\t\t<\/time>\n\t\t\t\t\t<\/div>\n\n\t\t\t<div class=\"wd-meta-date\">\n\t\t\t\t27 May 2026\t\t\t<\/div>\n\t\t<\/div>\n\n\t\t\t\t\t<h3 class=\"wd-entities-title title post-title\">\n\t\t\t\t<a href=\"https:\/\/ravilla.com.tr\/otellerde-kafelerde-restaurantlarda-ve-ofislerde-neden-ahsap-masa-tercih-edilmelidir\/\" rel=\"bookmark\">\n\t\t\t\t\tOtellerde, Kafelerde, Restaurantlarda ve Ofislerde Neden Ah\u015fap Masa Tercih Edilmelidir?\t\t\t\t<\/a>\n\t\t\t<\/h3>\n\t\t\n\t\t\t\t\t<div class=\"wd-entry-content\">\n\t\t\t\t\t\t\t\t\tDaha \u00e7ok para kazanmak ve elit m\u00fc\u015fteriler \u00e7ekmek istiyorsan\u0131z i\u015f\u00e7ili\u011fi \u00e7ok kaliteli olan ve do\u011fru bir \u015fekilde tasarlanm\u0131\u015f ah\u015fap masalar...\t\t\t\t\t\t\t\t\t\t\t\t<\/div>\n\t\t\n\t\t\t\t\t\t\t\t\t\t<div class=\"wd-read-more\">\n\t\t\t\t\t\t<a class=\"btn-read-more more-link\" href=\"https:\/\/ravilla.com.tr\/otellerde-kafelerde-restaurantlarda-ve-ofislerde-neden-ahsap-masa-tercih-edilmelidir\/\">Continue reading<\/a>\t\t\t\t\t<\/div>\n\t\t\t\t\t\t\t<\/div>\n\n\t\t\t<\/div>\n\t<\/article>\n\t\t\t\t\t\t\t\t\t\t\t\n<article id=\"post-155\" class=\"wd-post blog-design-meta-image blog-post-loop blog-style-bg wd-add-shadow wd-col post-155 post type-post status-publish format-standard has-post-thumbnail hentry category-uncategorized-tr\">\n\t\t\t<div class=\"wd-post-inner\">\n\t\n\t<div class=\"wd-post-thumb color-scheme-light\">\n\t\t\t\t\t<div class=\"wd-post-img\">\n\t\t\t\t<img width=\"1024\" height=\"768\" src=\"https:\/\/ravilla.com.tr\/wp-content\/uploads\/2024\/02\/ahsap-mobilya-ve-masa-temizligi-nasil-yapilir-gorsel-1024x768.jpg\" class=\"attachment-large size-large\" alt=\"ahsap mobilya ve masa temizligi nasil yapilir gorsel\" decoding=\"async\" srcset=\"https:\/\/ravilla.com.tr\/wp-content\/uploads\/2024\/02\/ahsap-mobilya-ve-masa-temizligi-nasil-yapilir-gorsel-1024x768.jpg 1024w, https:\/\/ravilla.com.tr\/wp-content\/uploads\/2024\/02\/ahsap-mobilya-ve-masa-temizligi-nasil-yapilir-gorsel-1200x900.jpg 1200w, https:\/\/ravilla.com.tr\/wp-content\/uploads\/2024\/02\/ahsap-mobilya-ve-masa-temizligi-nasil-yapilir-gorsel-150x113.jpg 150w, https:\/\/ravilla.com.tr\/wp-content\/uploads\/2024\/02\/ahsap-mobilya-ve-masa-temizligi-nasil-yapilir-gorsel-300x225.jpg 300w, https:\/\/ravilla.com.tr\/wp-content\/uploads\/2024\/02\/ahsap-mobilya-ve-masa-temizligi-nasil-yapilir-gorsel-768x576.jpg 768w, https:\/\/ravilla.com.tr\/wp-content\/uploads\/2024\/02\/ahsap-mobilya-ve-masa-temizligi-nasil-yapilir-gorsel-1536x1152.jpg 1536w, https:\/\/ravilla.com.tr\/wp-content\/uploads\/2024\/02\/ahsap-mobilya-ve-masa-temizligi-nasil-yapilir-gorsel.jpg 1600w\" sizes=\"(max-width: 1024px) 100vw, 1024px\" \/>\t\t\t<\/div>\n\t\t\n\t\t\t\t<a class=\"wd-post-link wd-fill\" href=\"https:\/\/ravilla.com.tr\/ahsap-mobilya-ve-masa-temizligi-nasil-yapilir\/\" rel=\"bookmark\" aria-label=\"Link on post Ah\u015fap Mobilya ve Masa Temizli\u011fi Nas\u0131l Yap\u0131l\u0131r?\"><\/a>\n\n\t\t\t\t\t<div class=\"wd-post-header\">\n\t\t\t\t<div class=\"wd-meta-author\">\n\t\t\t\t\t\t\t\n\t\t\t\t\t<img alt='author-avatar' src='https:\/\/secure.gravatar.com\/avatar\/0c157d604413d0d2b01446d51517a5d16ecf4fbc9f843f70c555d8ae0f36e465?s=32&#038;d=mm&#038;r=g' srcset='https:\/\/secure.gravatar.com\/avatar\/0c157d604413d0d2b01446d51517a5d16ecf4fbc9f843f70c555d8ae0f36e465?s=64&#038;d=mm&#038;r=g 2x' class='avatar avatar-32 photo' height='32' width='32' decoding='async'\/>\t\t\n\t\t<a href=\"https:\/\/ravilla.com.tr\/author\/yonetici\/\" rel=\"author\">\n\t\t\t<span class=\"vcard author author_name\">\n\t\t\t\t<span class=\"fn\">yonetici<\/span>\n\t\t\t<\/span>\n\t\t<\/a>\n\t\t\t\t\t\t<\/div>\n\n\t\t\t\t<div class=\"wd-post-actions\">\n\t\t\t\t\t\t\t\t\t\t\t<div class=\"wd-post-share wd-tltp wd-tltp-top\">\n\t\t\t\t\t\t\t<div class=\"wd-tooltip-label\">\n\t\t\t\t\t\t\t\t\n\t\t\t<div class=\" wd-social-icons  icons-design-default icons-size-small color-scheme-light social-share social-form-circle text-center\">\n\n\t\t\t\t\n\t\t\t\t\t\t\t\t\t<a rel=\"noopener noreferrer nofollow\" href=\"https:\/\/www.facebook.com\/sharer\/sharer.php?u=https:\/\/ravilla.com.tr\/ahsap-mobilya-ve-masa-temizligi-nasil-yapilir\/\" target=\"_blank\" class=\" wd-social-icon social-facebook\" aria-label=\"Facebook social link\">\n\t\t\t\t\t\t<span class=\"wd-icon\"><\/span>\n\t\t\t\t\t\t\t\t\t\t\t<\/a>\n\t\t\t\t\n\t\t\t\t\t\t\t\t\t<a rel=\"noopener noreferrer nofollow\" href=\"https:\/\/x.com\/share?url=https:\/\/ravilla.com.tr\/ahsap-mobilya-ve-masa-temizligi-nasil-yapilir\/\" target=\"_blank\" class=\" wd-social-icon social-twitter\" aria-label=\"X social link\">\n\t\t\t\t\t\t<span class=\"wd-icon\"><\/span>\n\t\t\t\t\t\t\t\t\t\t\t<\/a>\n\t\t\t\t\n\t\t\t\t\n\t\t\t\t\n\t\t\t\t\n\t\t\t\t\t\t\t\t\t<a rel=\"noopener noreferrer nofollow\" href=\"https:\/\/pinterest.com\/pin\/create\/button\/?url=https:\/\/ravilla.com.tr\/ahsap-mobilya-ve-masa-temizligi-nasil-yapilir\/&media=https:\/\/ravilla.com.tr\/wp-content\/uploads\/2024\/02\/ahsap-mobilya-ve-masa-temizligi-nasil-yapilir-gorsel.jpg&description=Ah%C5%9Fap+Mobilya+ve+Masa+Temizli%C4%9Fi+Nas%C4%B1l+Yap%C4%B1l%C4%B1r%3F\" target=\"_blank\" class=\" wd-social-icon social-pinterest\" aria-label=\"Pinterest social link\">\n\t\t\t\t\t\t<span class=\"wd-icon\"><\/span>\n\t\t\t\t\t\t\t\t\t\t\t<\/a>\n\t\t\t\t\n\t\t\t\t\n\t\t\t\t\t\t\t\t\t<a rel=\"noopener noreferrer nofollow\" href=\"https:\/\/www.linkedin.com\/shareArticle?mini=true&url=https:\/\/ravilla.com.tr\/ahsap-mobilya-ve-masa-temizligi-nasil-yapilir\/\" target=\"_blank\" class=\" wd-social-icon social-linkedin\" aria-label=\"Linkedin social link\">\n\t\t\t\t\t\t<span class=\"wd-icon\"><\/span>\n\t\t\t\t\t\t\t\t\t\t\t<\/a>\n\t\t\t\t\n\t\t\t\t\n\t\t\t\t\n\t\t\t\t\n\t\t\t\t\n\t\t\t\t\n\t\t\t\t\n\t\t\t\t\n\t\t\t\t\n\t\t\t\t\n\t\t\t\t\t\t\t\t\n\t\t\t\t\t\t\t\t\n\t\t\t\t\n\t\t\t\t\n\t\t\t\t\t\t\t\t\t<a rel=\"noopener noreferrer nofollow\" href=\"https:\/\/telegram.me\/share\/url?url=https:\/\/ravilla.com.tr\/ahsap-mobilya-ve-masa-temizligi-nasil-yapilir\/\" target=\"_blank\" class=\" wd-social-icon social-tg\" aria-label=\"Telegram social link\">\n\t\t\t\t\t\t<span class=\"wd-icon\"><\/span>\n\t\t\t\t\t\t\t\t\t\t\t<\/a>\n\t\t\t\t\t\t\t\t\n\t\t\t\t\n\t\t\t<\/div>\n\n\t\t\t\t\t\t\t\t\t<\/div>\n\t\t\t\t\t\t<\/div>\n\t\t\t\t\t\n\t\t\t\t\t\t\t\t\t\t\t<div class=\"wd-meta-reply\">\n\t\t\t\t\t\t\t<a href=\"https:\/\/ravilla.com.tr\/ahsap-mobilya-ve-masa-temizligi-nasil-yapilir\/#respond\"><span class=\"replies-count\">0<\/span> <span class=\"replies-count-label\">comments<\/span><\/a>\t\t\t\t\t\t<\/div>\n\t\t\t\t\t\t\t\t\t<\/div>\n\t\t\t<\/div>\n\t\t\t<\/div>\n\n\t<div class=\"wd-post-content\">\n\t\t<div class=\"wd-post-entry-meta\">\n\t\t\t\t\t\t\t\t\t\t<div class=\"wd-post-cat wd-style-default\">\n\t\t\t\t\t<a href=\"https:\/\/ravilla.com.tr\/category\/uncategorized-tr\/\" rel=\"category tag\">Uncategorized @tr<\/a>\t\t\t\t<\/div>\n\t\t\t\n\t\t\t<div class=\"wd-modified-date\">\n\t\t\t\t\t\t<time class=\"updated\" datetime=\"2026-06-08T12:24:18+03:00\">\n\t\t\t8 Haziran 2026\t\t<\/time>\n\t\t\t\t\t<\/div>\n\n\t\t\t<div class=\"wd-meta-date\">\n\t\t\t\t26 May 2026\t\t\t<\/div>\n\t\t<\/div>\n\n\t\t\t\t\t<h3 class=\"wd-entities-title title post-title\">\n\t\t\t\t<a href=\"https:\/\/ravilla.com.tr\/ahsap-mobilya-ve-masa-temizligi-nasil-yapilir\/\" rel=\"bookmark\">\n\t\t\t\t\tAh\u015fap Mobilya ve Masa Temizli\u011fi Nas\u0131l Yap\u0131l\u0131r?\t\t\t\t<\/a>\n\t\t\t<\/h3>\n\t\t\n\t\t\t\t\t<div class=\"wd-entry-content\">\n\t\t\t\t\t\t\t\t\tAh\u015fap mobilyalar\u0131n y\u00fczeyleri boya ve vernik ile kaplan\u0131r veya ah\u015fap ya\u011f\u0131 ile ya\u011flan\u0131r. Boya veya vernik ile kaplan...\t\t\t\t\t\t\t\t\t\t\t\t<\/div>\n\t\t\n\t\t\t\t\t\t\t\t\t\t<div class=\"wd-read-more\">\n\t\t\t\t\t\t<a class=\"btn-read-more more-link\" href=\"https:\/\/ravilla.com.tr\/ahsap-mobilya-ve-masa-temizligi-nasil-yapilir\/\">Continue reading<\/a>\t\t\t\t\t<\/div>\n\t\t\t\t\t\t\t<\/div>\n\n\t\t\t<\/div>\n\t<\/article>\n\t\t\t\t\t\t\t\t\t\t\t\n<article id=\"post-176\" class=\"wd-post blog-design-meta-image blog-post-loop blog-style-bg wd-add-shadow wd-col post-176 post type-post status-publish format-standard has-post-thumbnail hentry category-uncategorized-tr\">\n\t\t\t<div class=\"wd-post-inner\">\n\t\n\t<div class=\"wd-post-thumb color-scheme-light\">\n\t\t\t\t\t<div class=\"wd-post-img\">\n\t\t\t\t<img width=\"1024\" height=\"768\" src=\"https:\/\/ravilla.com.tr\/wp-content\/uploads\/2024\/02\/neden-ahsap-masa-satin-almaliyim-kapak-goseli-1-1024x768.jpg\" class=\"attachment-large size-large\" alt=\"neden ahsap masa satin almaliyim kapak goseli 1\" decoding=\"async\" srcset=\"https:\/\/ravilla.com.tr\/wp-content\/uploads\/2024\/02\/neden-ahsap-masa-satin-almaliyim-kapak-goseli-1-1024x768.jpg 1024w, https:\/\/ravilla.com.tr\/wp-content\/uploads\/2024\/02\/neden-ahsap-masa-satin-almaliyim-kapak-goseli-1-1200x900.jpg 1200w, https:\/\/ravilla.com.tr\/wp-content\/uploads\/2024\/02\/neden-ahsap-masa-satin-almaliyim-kapak-goseli-1-150x113.jpg 150w, https:\/\/ravilla.com.tr\/wp-content\/uploads\/2024\/02\/neden-ahsap-masa-satin-almaliyim-kapak-goseli-1-300x225.jpg 300w, https:\/\/ravilla.com.tr\/wp-content\/uploads\/2024\/02\/neden-ahsap-masa-satin-almaliyim-kapak-goseli-1-768x576.jpg 768w, https:\/\/ravilla.com.tr\/wp-content\/uploads\/2024\/02\/neden-ahsap-masa-satin-almaliyim-kapak-goseli-1-1536x1152.jpg 1536w, https:\/\/ravilla.com.tr\/wp-content\/uploads\/2024\/02\/neden-ahsap-masa-satin-almaliyim-kapak-goseli-1.jpg 1600w\" sizes=\"(max-width: 1024px) 100vw, 1024px\" \/>\t\t\t<\/div>\n\t\t\n\t\t\t\t<a class=\"wd-post-link wd-fill\" href=\"https:\/\/ravilla.com.tr\/neden-ahsap-masa-satin-almaliyim\/\" rel=\"bookmark\" aria-label=\"Link on post Neden Ah\u015fap Masa Sat\u0131n Almal\u0131y\u0131m?\"><\/a>\n\n\t\t\t\t\t<div class=\"wd-post-header\">\n\t\t\t\t<div class=\"wd-meta-author\">\n\t\t\t\t\t\t\t\n\t\t\t\t\t<img alt='author-avatar' src='https:\/\/secure.gravatar.com\/avatar\/0c157d604413d0d2b01446d51517a5d16ecf4fbc9f843f70c555d8ae0f36e465?s=32&#038;d=mm&#038;r=g' srcset='https:\/\/secure.gravatar.com\/avatar\/0c157d604413d0d2b01446d51517a5d16ecf4fbc9f843f70c555d8ae0f36e465?s=64&#038;d=mm&#038;r=g 2x' class='avatar avatar-32 photo' height='32' width='32' decoding='async'\/>\t\t\n\t\t<a href=\"https:\/\/ravilla.com.tr\/author\/yonetici\/\" rel=\"author\">\n\t\t\t<span class=\"vcard author author_name\">\n\t\t\t\t<span class=\"fn\">yonetici<\/span>\n\t\t\t<\/span>\n\t\t<\/a>\n\t\t\t\t\t\t<\/div>\n\n\t\t\t\t<div class=\"wd-post-actions\">\n\t\t\t\t\t\t\t\t\t\t\t<div class=\"wd-post-share wd-tltp wd-tltp-top\">\n\t\t\t\t\t\t\t<div class=\"wd-tooltip-label\">\n\t\t\t\t\t\t\t\t\n\t\t\t<div class=\" wd-social-icons  icons-design-default icons-size-small color-scheme-light social-share social-form-circle text-center\">\n\n\t\t\t\t\n\t\t\t\t\t\t\t\t\t<a rel=\"noopener noreferrer nofollow\" href=\"https:\/\/www.facebook.com\/sharer\/sharer.php?u=https:\/\/ravilla.com.tr\/neden-ahsap-masa-satin-almaliyim\/\" target=\"_blank\" class=\" wd-social-icon social-facebook\" aria-label=\"Facebook social link\">\n\t\t\t\t\t\t<span class=\"wd-icon\"><\/span>\n\t\t\t\t\t\t\t\t\t\t\t<\/a>\n\t\t\t\t\n\t\t\t\t\t\t\t\t\t<a rel=\"noopener noreferrer nofollow\" href=\"https:\/\/x.com\/share?url=https:\/\/ravilla.com.tr\/neden-ahsap-masa-satin-almaliyim\/\" target=\"_blank\" class=\" wd-social-icon social-twitter\" aria-label=\"X social link\">\n\t\t\t\t\t\t<span class=\"wd-icon\"><\/span>\n\t\t\t\t\t\t\t\t\t\t\t<\/a>\n\t\t\t\t\n\t\t\t\t\n\t\t\t\t\n\t\t\t\t\n\t\t\t\t\t\t\t\t\t<a rel=\"noopener noreferrer nofollow\" href=\"https:\/\/pinterest.com\/pin\/create\/button\/?url=https:\/\/ravilla.com.tr\/neden-ahsap-masa-satin-almaliyim\/&media=https:\/\/ravilla.com.tr\/wp-content\/uploads\/2024\/02\/neden-ahsap-masa-satin-almaliyim-kapak-goseli-1.jpg&description=Neden+Ah%C5%9Fap+Masa+Sat%C4%B1n+Almal%C4%B1y%C4%B1m%3F\" target=\"_blank\" class=\" wd-social-icon social-pinterest\" aria-label=\"Pinterest social link\">\n\t\t\t\t\t\t<span class=\"wd-icon\"><\/span>\n\t\t\t\t\t\t\t\t\t\t\t<\/a>\n\t\t\t\t\n\t\t\t\t\n\t\t\t\t\t\t\t\t\t<a rel=\"noopener noreferrer nofollow\" href=\"https:\/\/www.linkedin.com\/shareArticle?mini=true&url=https:\/\/ravilla.com.tr\/neden-ahsap-masa-satin-almaliyim\/\" target=\"_blank\" class=\" wd-social-icon social-linkedin\" aria-label=\"Linkedin social link\">\n\t\t\t\t\t\t<span class=\"wd-icon\"><\/span>\n\t\t\t\t\t\t\t\t\t\t\t<\/a>\n\t\t\t\t\n\t\t\t\t\n\t\t\t\t\n\t\t\t\t\n\t\t\t\t\n\t\t\t\t\n\t\t\t\t\n\t\t\t\t\n\t\t\t\t\n\t\t\t\t\n\t\t\t\t\t\t\t\t\n\t\t\t\t\t\t\t\t\n\t\t\t\t\n\t\t\t\t\n\t\t\t\t\t\t\t\t\t<a rel=\"noopener noreferrer nofollow\" href=\"https:\/\/telegram.me\/share\/url?url=https:\/\/ravilla.com.tr\/neden-ahsap-masa-satin-almaliyim\/\" target=\"_blank\" class=\" wd-social-icon social-tg\" aria-label=\"Telegram social link\">\n\t\t\t\t\t\t<span class=\"wd-icon\"><\/span>\n\t\t\t\t\t\t\t\t\t\t\t<\/a>\n\t\t\t\t\t\t\t\t\n\t\t\t\t\n\t\t\t<\/div>\n\n\t\t\t\t\t\t\t\t\t<\/div>\n\t\t\t\t\t\t<\/div>\n\t\t\t\t\t\n\t\t\t\t\t\t\t\t\t\t\t<div class=\"wd-meta-reply\">\n\t\t\t\t\t\t\t<a href=\"https:\/\/ravilla.com.tr\/neden-ahsap-masa-satin-almaliyim\/#respond\"><span class=\"replies-count\">0<\/span> <span class=\"replies-count-label\">comments<\/span><\/a>\t\t\t\t\t\t<\/div>\n\t\t\t\t\t\t\t\t\t<\/div>\n\t\t\t<\/div>\n\t\t\t<\/div>\n\n\t<div class=\"wd-post-content\">\n\t\t<div class=\"wd-post-entry-meta\">\n\t\t\t\t\t\t\t\t\t\t<div class=\"wd-post-cat wd-style-default\">\n\t\t\t\t\t<a href=\"https:\/\/ravilla.com.tr\/category\/uncategorized-tr\/\" rel=\"category tag\">Uncategorized @tr<\/a>\t\t\t\t<\/div>\n\t\t\t\n\t\t\t<div class=\"wd-modified-date\">\n\t\t\t\t\t\t<time class=\"updated\" datetime=\"2026-06-08T12:27:18+03:00\">\n\t\t\t8 Haziran 2026\t\t<\/time>\n\t\t\t\t\t<\/div>\n\n\t\t\t<div class=\"wd-meta-date\">\n\t\t\t\t25 May 2026\t\t\t<\/div>\n\t\t<\/div>\n\n\t\t\t\t\t<h3 class=\"wd-entities-title title post-title\">\n\t\t\t\t<a href=\"https:\/\/ravilla.com.tr\/neden-ahsap-masa-satin-almaliyim\/\" rel=\"bookmark\">\n\t\t\t\t\tNeden Ah\u015fap Masa Sat\u0131n Almal\u0131y\u0131m?\t\t\t\t<\/a>\n\t\t\t<\/h3>\n\t\t\n\t\t\t\t\t<div class=\"wd-entry-content\">\n\t\t\t\t\t\t\t\t\tAh\u015fap Masalar d\u00fcnyan\u0131n en do\u011fal, en sa\u011fl\u0131kl\u0131, en kullan\u0131\u015fl\u0131, en estetik ve en l\u00fcks masalar\u0131d\u0131r. Ah\u015fap masalar do\u011fal, s\u0131cak yap\u0131l\u0131 ve ka...\t\t\t\t\t\t\t\t\t\t\t\t<\/div>\n\t\t\n\t\t\t\t\t\t\t\t\t\t<div class=\"wd-read-more\">\n\t\t\t\t\t\t<a class=\"btn-read-more more-link\" href=\"https:\/\/ravilla.com.tr\/neden-ahsap-masa-satin-almaliyim\/\">Continue reading<\/a>\t\t\t\t\t<\/div>\n\t\t\t\t\t\t\t<\/div>\n\n\t\t\t<\/div>\n\t<\/article>\n\t\t\t\t\t\t\t\t\t\t\t\n<article id=\"post-182\" class=\"wd-post blog-design-meta-image blog-post-loop blog-style-bg wd-add-shadow wd-col post-182 post type-post status-publish format-standard has-post-thumbnail hentry category-uncategorized-tr\">\n\t\t\t<div class=\"wd-post-inner\">\n\t\n\t<div class=\"wd-post-thumb color-scheme-light\">\n\t\t\t\t\t<div class=\"wd-post-img\">\n\t\t\t\t<img width=\"1024\" height=\"768\" src=\"https:\/\/ravilla.com.tr\/wp-content\/uploads\/2024\/02\/ic-veya-dis-mekan-icin-sandalye-secimi-nasil-yapilir-kapak-gorseli-1-1024x768.jpg\" class=\"attachment-large size-large\" alt=\"ic veya dis mekan icin sandalye secimi nasil yapilir kapak gorseli 1\" decoding=\"async\" srcset=\"https:\/\/ravilla.com.tr\/wp-content\/uploads\/2024\/02\/ic-veya-dis-mekan-icin-sandalye-secimi-nasil-yapilir-kapak-gorseli-1-1024x768.jpg 1024w, https:\/\/ravilla.com.tr\/wp-content\/uploads\/2024\/02\/ic-veya-dis-mekan-icin-sandalye-secimi-nasil-yapilir-kapak-gorseli-1-1200x900.jpg 1200w, https:\/\/ravilla.com.tr\/wp-content\/uploads\/2024\/02\/ic-veya-dis-mekan-icin-sandalye-secimi-nasil-yapilir-kapak-gorseli-1-150x113.jpg 150w, https:\/\/ravilla.com.tr\/wp-content\/uploads\/2024\/02\/ic-veya-dis-mekan-icin-sandalye-secimi-nasil-yapilir-kapak-gorseli-1-300x225.jpg 300w, https:\/\/ravilla.com.tr\/wp-content\/uploads\/2024\/02\/ic-veya-dis-mekan-icin-sandalye-secimi-nasil-yapilir-kapak-gorseli-1-768x576.jpg 768w, https:\/\/ravilla.com.tr\/wp-content\/uploads\/2024\/02\/ic-veya-dis-mekan-icin-sandalye-secimi-nasil-yapilir-kapak-gorseli-1-1536x1152.jpg 1536w, https:\/\/ravilla.com.tr\/wp-content\/uploads\/2024\/02\/ic-veya-dis-mekan-icin-sandalye-secimi-nasil-yapilir-kapak-gorseli-1.jpg 1600w\" sizes=\"(max-width: 1024px) 100vw, 1024px\" \/>\t\t\t<\/div>\n\t\t\n\t\t\t\t<a class=\"wd-post-link wd-fill\" href=\"https:\/\/ravilla.com.tr\/ic-veya-dis-mekan-icin-sandalye-secimi-nasil-yapilir\/\" rel=\"bookmark\" aria-label=\"Link on post \u0130\u00e7 veya D\u0131\u015f Mekan \u0130\u00e7in Sandalye Se\u00e7imi Nas\u0131l Yap\u0131l\u0131r?\"><\/a>\n\n\t\t\t\t\t<div class=\"wd-post-header\">\n\t\t\t\t<div class=\"wd-meta-author\">\n\t\t\t\t\t\t\t\n\t\t\t\t\t<img alt='author-avatar' src='https:\/\/secure.gravatar.com\/avatar\/0c157d604413d0d2b01446d51517a5d16ecf4fbc9f843f70c555d8ae0f36e465?s=32&#038;d=mm&#038;r=g' srcset='https:\/\/secure.gravatar.com\/avatar\/0c157d604413d0d2b01446d51517a5d16ecf4fbc9f843f70c555d8ae0f36e465?s=64&#038;d=mm&#038;r=g 2x' class='avatar avatar-32 photo' height='32' width='32' decoding='async'\/>\t\t\n\t\t<a href=\"https:\/\/ravilla.com.tr\/author\/yonetici\/\" rel=\"author\">\n\t\t\t<span class=\"vcard author author_name\">\n\t\t\t\t<span class=\"fn\">yonetici<\/span>\n\t\t\t<\/span>\n\t\t<\/a>\n\t\t\t\t\t\t<\/div>\n\n\t\t\t\t<div class=\"wd-post-actions\">\n\t\t\t\t\t\t\t\t\t\t\t<div class=\"wd-post-share wd-tltp wd-tltp-top\">\n\t\t\t\t\t\t\t<div class=\"wd-tooltip-label\">\n\t\t\t\t\t\t\t\t\n\t\t\t<div class=\" wd-social-icons  icons-design-default icons-size-small color-scheme-light social-share social-form-circle text-center\">\n\n\t\t\t\t\n\t\t\t\t\t\t\t\t\t<a rel=\"noopener noreferrer nofollow\" href=\"https:\/\/www.facebook.com\/sharer\/sharer.php?u=https:\/\/ravilla.com.tr\/ic-veya-dis-mekan-icin-sandalye-secimi-nasil-yapilir\/\" target=\"_blank\" class=\" wd-social-icon social-facebook\" aria-label=\"Facebook social link\">\n\t\t\t\t\t\t<span class=\"wd-icon\"><\/span>\n\t\t\t\t\t\t\t\t\t\t\t<\/a>\n\t\t\t\t\n\t\t\t\t\t\t\t\t\t<a rel=\"noopener noreferrer nofollow\" href=\"https:\/\/x.com\/share?url=https:\/\/ravilla.com.tr\/ic-veya-dis-mekan-icin-sandalye-secimi-nasil-yapilir\/\" target=\"_blank\" class=\" wd-social-icon social-twitter\" aria-label=\"X social link\">\n\t\t\t\t\t\t<span class=\"wd-icon\"><\/span>\n\t\t\t\t\t\t\t\t\t\t\t<\/a>\n\t\t\t\t\n\t\t\t\t\n\t\t\t\t\n\t\t\t\t\n\t\t\t\t\t\t\t\t\t<a rel=\"noopener noreferrer nofollow\" href=\"https:\/\/pinterest.com\/pin\/create\/button\/?url=https:\/\/ravilla.com.tr\/ic-veya-dis-mekan-icin-sandalye-secimi-nasil-yapilir\/&media=https:\/\/ravilla.com.tr\/wp-content\/uploads\/2024\/02\/ic-veya-dis-mekan-icin-sandalye-secimi-nasil-yapilir-kapak-gorseli-1.jpg&description=%C4%B0%C3%A7+veya+D%C4%B1%C5%9F+Mekan+%C4%B0%C3%A7in+Sandalye+Se%C3%A7imi+Nas%C4%B1l+Yap%C4%B1l%C4%B1r%3F\" target=\"_blank\" class=\" wd-social-icon social-pinterest\" aria-label=\"Pinterest social link\">\n\t\t\t\t\t\t<span class=\"wd-icon\"><\/span>\n\t\t\t\t\t\t\t\t\t\t\t<\/a>\n\t\t\t\t\n\t\t\t\t\n\t\t\t\t\t\t\t\t\t<a rel=\"noopener noreferrer nofollow\" href=\"https:\/\/www.linkedin.com\/shareArticle?mini=true&url=https:\/\/ravilla.com.tr\/ic-veya-dis-mekan-icin-sandalye-secimi-nasil-yapilir\/\" target=\"_blank\" class=\" wd-social-icon social-linkedin\" aria-label=\"Linkedin social link\">\n\t\t\t\t\t\t<span class=\"wd-icon\"><\/span>\n\t\t\t\t\t\t\t\t\t\t\t<\/a>\n\t\t\t\t\n\t\t\t\t\n\t\t\t\t\n\t\t\t\t\n\t\t\t\t\n\t\t\t\t\n\t\t\t\t\n\t\t\t\t\n\t\t\t\t\n\t\t\t\t\n\t\t\t\t\t\t\t\t\n\t\t\t\t\t\t\t\t\n\t\t\t\t\n\t\t\t\t\n\t\t\t\t\t\t\t\t\t<a rel=\"noopener noreferrer nofollow\" href=\"https:\/\/telegram.me\/share\/url?url=https:\/\/ravilla.com.tr\/ic-veya-dis-mekan-icin-sandalye-secimi-nasil-yapilir\/\" target=\"_blank\" class=\" wd-social-icon social-tg\" aria-label=\"Telegram social link\">\n\t\t\t\t\t\t<span class=\"wd-icon\"><\/span>\n\t\t\t\t\t\t\t\t\t\t\t<\/a>\n\t\t\t\t\t\t\t\t\n\t\t\t\t\n\t\t\t<\/div>\n\n\t\t\t\t\t\t\t\t\t<\/div>\n\t\t\t\t\t\t<\/div>\n\t\t\t\t\t\n\t\t\t\t\t\t\t\t\t\t\t<div class=\"wd-meta-reply\">\n\t\t\t\t\t\t\t<a href=\"https:\/\/ravilla.com.tr\/ic-veya-dis-mekan-icin-sandalye-secimi-nasil-yapilir\/#respond\"><span class=\"replies-count\">0<\/span> <span class=\"replies-count-label\">comments<\/span><\/a>\t\t\t\t\t\t<\/div>\n\t\t\t\t\t\t\t\t\t<\/div>\n\t\t\t<\/div>\n\t\t\t<\/div>\n\n\t<div class=\"wd-post-content\">\n\t\t<div class=\"wd-post-entry-meta\">\n\t\t\t\t\t\t\t\t\t\t<div class=\"wd-post-cat wd-style-default\">\n\t\t\t\t\t<a href=\"https:\/\/ravilla.com.tr\/category\/uncategorized-tr\/\" rel=\"category tag\">Uncategorized @tr<\/a>\t\t\t\t<\/div>\n\t\t\t\n\t\t\t<div class=\"wd-modified-date\">\n\t\t\t\t\t\t<time class=\"updated\" datetime=\"2026-06-08T14:10:55+03:00\">\n\t\t\t8 Haziran 2026\t\t<\/time>\n\t\t\t\t\t<\/div>\n\n\t\t\t<div class=\"wd-meta-date\">\n\t\t\t\t24 May 2026\t\t\t<\/div>\n\t\t<\/div>\n\n\t\t\t\t\t<h3 class=\"wd-entities-title title post-title\">\n\t\t\t\t<a href=\"https:\/\/ravilla.com.tr\/ic-veya-dis-mekan-icin-sandalye-secimi-nasil-yapilir\/\" rel=\"bookmark\">\n\t\t\t\t\t\u0130\u00e7 veya D\u0131\u015f Mekan \u0130\u00e7in Sandalye Se\u00e7imi Nas\u0131l Yap\u0131l\u0131r?\t\t\t\t<\/a>\n\t\t\t<\/h3>\n\t\t\n\t\t\t\t\t<div class=\"wd-entry-content\">\n\t\t\t\t\t\t\t\t\t\u0130\u00e7 mekan ve d\u0131\u015f mekan sandalye se\u00e7imi, hem estetik hem de fonksiyonel a\u00e7\u0131dan \u00f6nem ta\u015f\u0131r. \u0130yi bir sandalye, i\u00e7 mekanlar\u0131n\u0131z\u0131 tamamlayan ...\t\t\t\t\t\t\t\t\t\t\t\t<\/div>\n\t\t\n\t\t\t\t\t\t\t\t\t\t<div class=\"wd-read-more\">\n\t\t\t\t\t\t<a class=\"btn-read-more more-link\" href=\"https:\/\/ravilla.com.tr\/ic-veya-dis-mekan-icin-sandalye-secimi-nasil-yapilir\/\">Continue reading<\/a>\t\t\t\t\t<\/div>\n\t\t\t\t\t\t\t<\/div>\n\n\t\t\t<\/div>\n\t<\/article>\n\t\t\t\t\t\t\t\t\t\t\t\n<article id=\"post-975\" class=\"wd-post blog-design-meta-image blog-post-loop blog-style-bg wd-add-shadow wd-col post-975 post type-post status-publish format-standard has-post-thumbnail hentry category-uncategorized-tr\">\n\t\t\t<div class=\"wd-post-inner\">\n\t\n\t<div class=\"wd-post-thumb color-scheme-light\">\n\t\t\t\t\t<div class=\"wd-post-img\">\n\t\t\t\t<img width=\"1024\" height=\"853\" src=\"https:\/\/ravilla.com.tr\/wp-content\/uploads\/2024\/02\/farmella-ic-ve-dis-mekan-iroko-masa-1-1024x853.jpg\" class=\"attachment-large size-large\" alt=\"farmella ic ve dis mekan iroko masa 1\" decoding=\"async\" srcset=\"https:\/\/ravilla.com.tr\/wp-content\/uploads\/2024\/02\/farmella-ic-ve-dis-mekan-iroko-masa-1-1024x853.jpg 1024w, https:\/\/ravilla.com.tr\/wp-content\/uploads\/2024\/02\/farmella-ic-ve-dis-mekan-iroko-masa-1-300x250.jpg 300w, https:\/\/ravilla.com.tr\/wp-content\/uploads\/2024\/02\/farmella-ic-ve-dis-mekan-iroko-masa-1-768x640.jpg 768w, https:\/\/ravilla.com.tr\/wp-content\/uploads\/2024\/02\/farmella-ic-ve-dis-mekan-iroko-masa-1-150x125.jpg 150w, https:\/\/ravilla.com.tr\/wp-content\/uploads\/2024\/02\/farmella-ic-ve-dis-mekan-iroko-masa-1.jpg 1200w\" sizes=\"(max-width: 1024px) 100vw, 1024px\" \/>\t\t\t<\/div>\n\t\t\n\t\t\t\t<a class=\"wd-post-link wd-fill\" href=\"https:\/\/ravilla.com.tr\/neden-dis-mekanlarda-iroko-masa-kullanilmali\/\" rel=\"bookmark\" aria-label=\"Link on post Neden D\u0131\u015f Mekanlarda \u0130roko Masa Kullan\u0131lmal\u0131?\"><\/a>\n\n\t\t\t\t\t<div class=\"wd-post-header\">\n\t\t\t\t<div class=\"wd-meta-author\">\n\t\t\t\t\t\t\t\n\t\t\t\t\t<img alt='author-avatar' src='https:\/\/secure.gravatar.com\/avatar\/0c157d604413d0d2b01446d51517a5d16ecf4fbc9f843f70c555d8ae0f36e465?s=32&#038;d=mm&#038;r=g' srcset='https:\/\/secure.gravatar.com\/avatar\/0c157d604413d0d2b01446d51517a5d16ecf4fbc9f843f70c555d8ae0f36e465?s=64&#038;d=mm&#038;r=g 2x' class='avatar avatar-32 photo' height='32' width='32' decoding='async'\/>\t\t\n\t\t<a href=\"https:\/\/ravilla.com.tr\/author\/yonetici\/\" rel=\"author\">\n\t\t\t<span class=\"vcard author author_name\">\n\t\t\t\t<span class=\"fn\">yonetici<\/span>\n\t\t\t<\/span>\n\t\t<\/a>\n\t\t\t\t\t\t<\/div>\n\n\t\t\t\t<div class=\"wd-post-actions\">\n\t\t\t\t\t\t\t\t\t\t\t<div class=\"wd-post-share wd-tltp wd-tltp-top\">\n\t\t\t\t\t\t\t<div class=\"wd-tooltip-label\">\n\t\t\t\t\t\t\t\t\n\t\t\t<div class=\" wd-social-icons  icons-design-default icons-size-small color-scheme-light social-share social-form-circle text-center\">\n\n\t\t\t\t\n\t\t\t\t\t\t\t\t\t<a rel=\"noopener noreferrer nofollow\" href=\"https:\/\/www.facebook.com\/sharer\/sharer.php?u=https:\/\/ravilla.com.tr\/neden-dis-mekanlarda-iroko-masa-kullanilmali\/\" target=\"_blank\" class=\" wd-social-icon social-facebook\" aria-label=\"Facebook social link\">\n\t\t\t\t\t\t<span class=\"wd-icon\"><\/span>\n\t\t\t\t\t\t\t\t\t\t\t<\/a>\n\t\t\t\t\n\t\t\t\t\t\t\t\t\t<a rel=\"noopener noreferrer nofollow\" href=\"https:\/\/x.com\/share?url=https:\/\/ravilla.com.tr\/neden-dis-mekanlarda-iroko-masa-kullanilmali\/\" target=\"_blank\" class=\" wd-social-icon social-twitter\" aria-label=\"X social link\">\n\t\t\t\t\t\t<span class=\"wd-icon\"><\/span>\n\t\t\t\t\t\t\t\t\t\t\t<\/a>\n\t\t\t\t\n\t\t\t\t\n\t\t\t\t\n\t\t\t\t\n\t\t\t\t\t\t\t\t\t<a rel=\"noopener noreferrer nofollow\" href=\"https:\/\/pinterest.com\/pin\/create\/button\/?url=https:\/\/ravilla.com.tr\/neden-dis-mekanlarda-iroko-masa-kullanilmali\/&media=https:\/\/ravilla.com.tr\/wp-content\/uploads\/2024\/02\/farmella-ic-ve-dis-mekan-iroko-masa-1.jpg&description=Neden+D%C4%B1%C5%9F+Mekanlarda+%C4%B0roko+Masa+Kullan%C4%B1lmal%C4%B1%3F\" target=\"_blank\" class=\" wd-social-icon social-pinterest\" aria-label=\"Pinterest social link\">\n\t\t\t\t\t\t<span class=\"wd-icon\"><\/span>\n\t\t\t\t\t\t\t\t\t\t\t<\/a>\n\t\t\t\t\n\t\t\t\t\n\t\t\t\t\t\t\t\t\t<a rel=\"noopener noreferrer nofollow\" href=\"https:\/\/www.linkedin.com\/shareArticle?mini=true&url=https:\/\/ravilla.com.tr\/neden-dis-mekanlarda-iroko-masa-kullanilmali\/\" target=\"_blank\" class=\" wd-social-icon social-linkedin\" aria-label=\"Linkedin social link\">\n\t\t\t\t\t\t<span class=\"wd-icon\"><\/span>\n\t\t\t\t\t\t\t\t\t\t\t<\/a>\n\t\t\t\t\n\t\t\t\t\n\t\t\t\t\n\t\t\t\t\n\t\t\t\t\n\t\t\t\t\n\t\t\t\t\n\t\t\t\t\n\t\t\t\t\n\t\t\t\t\n\t\t\t\t\t\t\t\t\n\t\t\t\t\t\t\t\t\n\t\t\t\t\n\t\t\t\t\n\t\t\t\t\t\t\t\t\t<a rel=\"noopener noreferrer nofollow\" href=\"https:\/\/telegram.me\/share\/url?url=https:\/\/ravilla.com.tr\/neden-dis-mekanlarda-iroko-masa-kullanilmali\/\" target=\"_blank\" class=\" wd-social-icon social-tg\" aria-label=\"Telegram social link\">\n\t\t\t\t\t\t<span class=\"wd-icon\"><\/span>\n\t\t\t\t\t\t\t\t\t\t\t<\/a>\n\t\t\t\t\t\t\t\t\n\t\t\t\t\n\t\t\t<\/div>\n\n\t\t\t\t\t\t\t\t\t<\/div>\n\t\t\t\t\t\t<\/div>\n\t\t\t\t\t\n\t\t\t\t\t\t\t\t\t\t\t<div class=\"wd-meta-reply\">\n\t\t\t\t\t\t\t<a href=\"https:\/\/ravilla.com.tr\/neden-dis-mekanlarda-iroko-masa-kullanilmali\/#respond\"><span class=\"replies-count\">0<\/span> <span class=\"replies-count-label\">comments<\/span><\/a>\t\t\t\t\t\t<\/div>\n\t\t\t\t\t\t\t\t\t<\/div>\n\t\t\t<\/div>\n\t\t\t<\/div>\n\n\t<div class=\"wd-post-content\">\n\t\t<div class=\"wd-post-entry-meta\">\n\t\t\t\t\t\t\t\t\t\t<div class=\"wd-post-cat wd-style-default\">\n\t\t\t\t\t<a href=\"https:\/\/ravilla.com.tr\/category\/uncategorized-tr\/\" rel=\"category tag\">Uncategorized @tr<\/a>\t\t\t\t<\/div>\n\t\t\t\n\t\t\t<div class=\"wd-modified-date\">\n\t\t\t\t\t\t<time class=\"updated\" datetime=\"2026-06-08T14:11:52+03:00\">\n\t\t\t8 Haziran 2026\t\t<\/time>\n\t\t\t\t\t<\/div>\n\n\t\t\t<div class=\"wd-meta-date\">\n\t\t\t\t23 May 2026\t\t\t<\/div>\n\t\t<\/div>\n\n\t\t\t\t\t<h3 class=\"wd-entities-title title post-title\">\n\t\t\t\t<a href=\"https:\/\/ravilla.com.tr\/neden-dis-mekanlarda-iroko-masa-kullanilmali\/\" rel=\"bookmark\">\n\t\t\t\t\tNeden D\u0131\u015f Mekanlarda \u0130roko Masa Kullan\u0131lmal\u0131?\t\t\t\t<\/a>\n\t\t\t<\/h3>\n\t\t\n\t\t\t\t\t<div class=\"wd-entry-content\">\n\t\t\t\t\t\t\t\t\t\u0130roko A\u011fac\u0131\r\n\r\n \tAfrika'da yeti\u015fen, s\u0131cak havay\u0131 ve bol ya\u011f\u0131\u015f\u0131 seven bir orman a\u011fac\u0131d\u0131r.\r\n \t\u0130roko, Afrika teaki olarak ta bilinir. Faka...\t\t\t\t\t\t\t\t\t\t\t\t<\/div>\n\t\t\n\t\t\t\t\t\t\t\t\t\t<div class=\"wd-read-more\">\n\t\t\t\t\t\t<a class=\"btn-read-more more-link\" href=\"https:\/\/ravilla.com.tr\/neden-dis-mekanlarda-iroko-masa-kullanilmali\/\">Continue reading<\/a>\t\t\t\t\t<\/div>\n\t\t\t\t\t\t\t<\/div>\n\n\t\t\t<\/div>\n\t<\/article>\n\t\t\t\t\t\t\t\t\t\t\t\n<article id=\"post-14798\" class=\"wd-post blog-design-meta-image blog-post-loop blog-style-bg wd-add-shadow wd-col post-14798 post type-post status-publish format-standard has-post-thumbnail hentry category-uncategorized-tr\">\n\t\t\t<div class=\"wd-post-inner\">\n\t\n\t<div class=\"wd-post-thumb color-scheme-light\">\n\t\t\t\t\t<div class=\"wd-post-img\">\n\t\t\t\t<img width=\"1024\" height=\"853\" src=\"https:\/\/ravilla.com.tr\/wp-content\/uploads\/2026\/05\/epoksi-masa-1024x853.jpg\" class=\"attachment-large size-large\" alt=\"epoksi masa\" decoding=\"async\" srcset=\"https:\/\/ravilla.com.tr\/wp-content\/uploads\/2026\/05\/epoksi-masa-1024x853.jpg 1024w, https:\/\/ravilla.com.tr\/wp-content\/uploads\/2026\/05\/epoksi-masa-300x250.jpg 300w, https:\/\/ravilla.com.tr\/wp-content\/uploads\/2026\/05\/epoksi-masa-768x640.jpg 768w, https:\/\/ravilla.com.tr\/wp-content\/uploads\/2026\/05\/epoksi-masa-1536x1280.jpg 1536w, https:\/\/ravilla.com.tr\/wp-content\/uploads\/2026\/05\/epoksi-masa-2048x1707.jpg 2048w, https:\/\/ravilla.com.tr\/wp-content\/uploads\/2026\/05\/epoksi-masa-1200x1000.jpg 1200w, https:\/\/ravilla.com.tr\/wp-content\/uploads\/2026\/05\/epoksi-masa-150x125.jpg 150w\" sizes=\"(max-width: 1024px) 100vw, 1024px\" \/>\t\t\t<\/div>\n\t\t\n\t\t\t\t<a class=\"wd-post-link wd-fill\" href=\"https:\/\/ravilla.com.tr\/musteriler-neden-epoksi-masa-almali\/\" rel=\"bookmark\" aria-label=\"Link on post M\u00fc\u015fteriler Neden Epoksi Masa Almal\u0131?\"><\/a>\n\n\t\t\t\t\t<div class=\"wd-post-header\">\n\t\t\t\t<div class=\"wd-meta-author\">\n\t\t\t\t\t\t\t\n\t\t\t\t\t<img alt='author-avatar' src='https:\/\/secure.gravatar.com\/avatar\/0c157d604413d0d2b01446d51517a5d16ecf4fbc9f843f70c555d8ae0f36e465?s=32&#038;d=mm&#038;r=g' srcset='https:\/\/secure.gravatar.com\/avatar\/0c157d604413d0d2b01446d51517a5d16ecf4fbc9f843f70c555d8ae0f36e465?s=64&#038;d=mm&#038;r=g 2x' class='avatar avatar-32 photo' height='32' width='32' decoding='async'\/>\t\t\n\t\t<a href=\"https:\/\/ravilla.com.tr\/author\/yonetici\/\" rel=\"author\">\n\t\t\t<span class=\"vcard author author_name\">\n\t\t\t\t<span class=\"fn\">yonetici<\/span>\n\t\t\t<\/span>\n\t\t<\/a>\n\t\t\t\t\t\t<\/div>\n\n\t\t\t\t<div class=\"wd-post-actions\">\n\t\t\t\t\t\t\t\t\t\t\t<div class=\"wd-post-share wd-tltp wd-tltp-top\">\n\t\t\t\t\t\t\t<div class=\"wd-tooltip-label\">\n\t\t\t\t\t\t\t\t\n\t\t\t<div class=\" wd-social-icons  icons-design-default icons-size-small color-scheme-light social-share social-form-circle text-center\">\n\n\t\t\t\t\n\t\t\t\t\t\t\t\t\t<a rel=\"noopener noreferrer nofollow\" href=\"https:\/\/www.facebook.com\/sharer\/sharer.php?u=https:\/\/ravilla.com.tr\/musteriler-neden-epoksi-masa-almali\/\" target=\"_blank\" class=\" wd-social-icon social-facebook\" aria-label=\"Facebook social link\">\n\t\t\t\t\t\t<span class=\"wd-icon\"><\/span>\n\t\t\t\t\t\t\t\t\t\t\t<\/a>\n\t\t\t\t\n\t\t\t\t\t\t\t\t\t<a rel=\"noopener noreferrer nofollow\" href=\"https:\/\/x.com\/share?url=https:\/\/ravilla.com.tr\/musteriler-neden-epoksi-masa-almali\/\" target=\"_blank\" class=\" wd-social-icon social-twitter\" aria-label=\"X social link\">\n\t\t\t\t\t\t<span class=\"wd-icon\"><\/span>\n\t\t\t\t\t\t\t\t\t\t\t<\/a>\n\t\t\t\t\n\t\t\t\t\n\t\t\t\t\n\t\t\t\t\n\t\t\t\t\t\t\t\t\t<a rel=\"noopener noreferrer nofollow\" href=\"https:\/\/pinterest.com\/pin\/create\/button\/?url=https:\/\/ravilla.com.tr\/musteriler-neden-epoksi-masa-almali\/&media=https:\/\/ravilla.com.tr\/wp-content\/uploads\/2026\/05\/epoksi-masa.jpg&description=M%C3%BC%C5%9Fteriler+Neden+Epoksi+Masa+Almal%C4%B1%3F\" target=\"_blank\" class=\" wd-social-icon social-pinterest\" aria-label=\"Pinterest social link\">\n\t\t\t\t\t\t<span class=\"wd-icon\"><\/span>\n\t\t\t\t\t\t\t\t\t\t\t<\/a>\n\t\t\t\t\n\t\t\t\t\n\t\t\t\t\t\t\t\t\t<a rel=\"noopener noreferrer nofollow\" href=\"https:\/\/www.linkedin.com\/shareArticle?mini=true&url=https:\/\/ravilla.com.tr\/musteriler-neden-epoksi-masa-almali\/\" target=\"_blank\" class=\" wd-social-icon social-linkedin\" aria-label=\"Linkedin social link\">\n\t\t\t\t\t\t<span class=\"wd-icon\"><\/span>\n\t\t\t\t\t\t\t\t\t\t\t<\/a>\n\t\t\t\t\n\t\t\t\t\n\t\t\t\t\n\t\t\t\t\n\t\t\t\t\n\t\t\t\t\n\t\t\t\t\n\t\t\t\t\n\t\t\t\t\n\t\t\t\t\n\t\t\t\t\t\t\t\t\n\t\t\t\t\t\t\t\t\n\t\t\t\t\n\t\t\t\t\n\t\t\t\t\t\t\t\t\t<a rel=\"noopener noreferrer nofollow\" href=\"https:\/\/telegram.me\/share\/url?url=https:\/\/ravilla.com.tr\/musteriler-neden-epoksi-masa-almali\/\" target=\"_blank\" class=\" wd-social-icon social-tg\" aria-label=\"Telegram social link\">\n\t\t\t\t\t\t<span class=\"wd-icon\"><\/span>\n\t\t\t\t\t\t\t\t\t\t\t<\/a>\n\t\t\t\t\t\t\t\t\n\t\t\t\t\n\t\t\t<\/div>\n\n\t\t\t\t\t\t\t\t\t<\/div>\n\t\t\t\t\t\t<\/div>\n\t\t\t\t\t\n\t\t\t\t\t\t\t\t\t\t\t<div class=\"wd-meta-reply\">\n\t\t\t\t\t\t\t<a href=\"https:\/\/ravilla.com.tr\/musteriler-neden-epoksi-masa-almali\/#respond\"><span class=\"replies-count\">0<\/span> <span class=\"replies-count-label\">comments<\/span><\/a>\t\t\t\t\t\t<\/div>\n\t\t\t\t\t\t\t\t\t<\/div>\n\t\t\t<\/div>\n\t\t\t<\/div>\n\n\t<div class=\"wd-post-content\">\n\t\t<div class=\"wd-post-entry-meta\">\n\t\t\t\t\t\t\t\t\t\t<div class=\"wd-post-cat wd-style-default\">\n\t\t\t\t\t<a href=\"https:\/\/ravilla.com.tr\/category\/uncategorized-tr\/\" rel=\"category tag\">Uncategorized @tr<\/a>\t\t\t\t<\/div>\n\t\t\t\n\t\t\t<div class=\"wd-modified-date\">\n\t\t\t\t\t\t<time class=\"updated\" datetime=\"2026-06-09T14:44:36+03:00\">\n\t\t\t9 Haziran 2026\t\t<\/time>\n\t\t\t\t\t<\/div>\n\n\t\t\t<div class=\"wd-meta-date\">\n\t\t\t\t23 May 2026\t\t\t<\/div>\n\t\t<\/div>\n\n\t\t\t\t\t<h3 class=\"wd-entities-title title post-title\">\n\t\t\t\t<a href=\"https:\/\/ravilla.com.tr\/musteriler-neden-epoksi-masa-almali\/\" rel=\"bookmark\">\n\t\t\t\t\tM\u00fc\u015fteriler Neden Epoksi Masa Almal\u0131?\t\t\t\t<\/a>\n\t\t\t<\/h3>\n\t\t\n\t\t\t\t\t<div class=\"wd-entry-content\">\n\t\t\t\t\t\t\t\t\tEpoksi masa modelleri Kapadokya masa, son y\u0131llarda modern mobilya d\u00fcnyas\u0131n\u0131n en dikkat \u00e7ekici \u00fcr\u00fcnleri aras\u0131nda yer almaktad\u0131r. Do\u011fal a...\t\t\t\t\t\t\t\t\t\t\t\t<\/div>\n\t\t\n\t\t\t\t\t\t\t\t\t\t<div class=\"wd-read-more\">\n\t\t\t\t\t\t<a class=\"btn-read-more more-link\" href=\"https:\/\/ravilla.com.tr\/musteriler-neden-epoksi-masa-almali\/\">Continue reading<\/a>\t\t\t\t\t<\/div>\n\t\t\t\t\t\t\t<\/div>\n\n\t\t\t<\/div>\n\t<\/article>\n\t\t\t\t\t\t\t\t\t\t\t\n<article id=\"post-161\" class=\"wd-post blog-design-meta-image blog-post-loop blog-style-bg wd-add-shadow wd-col post-161 post type-post status-publish format-standard has-post-thumbnail hentry category-uncategorized-tr\">\n\t\t\t<div class=\"wd-post-inner\">\n\t\n\t<div class=\"wd-post-thumb color-scheme-light\">\n\t\t\t\t\t<div class=\"wd-post-img\">\n\t\t\t\t<img width=\"1024\" height=\"768\" src=\"https:\/\/ravilla.com.tr\/wp-content\/uploads\/2024\/02\/dunyada-en-cok-hangi-agaclardan-yapilan-masalar-tercih-edilir-gorsel-1024x768.jpg\" class=\"attachment-large size-large\" alt=\"dunyada en cok hangi agaclardan yapilan masalar tercih edilir gorsel\" decoding=\"async\" srcset=\"https:\/\/ravilla.com.tr\/wp-content\/uploads\/2024\/02\/dunyada-en-cok-hangi-agaclardan-yapilan-masalar-tercih-edilir-gorsel-1024x768.jpg 1024w, https:\/\/ravilla.com.tr\/wp-content\/uploads\/2024\/02\/dunyada-en-cok-hangi-agaclardan-yapilan-masalar-tercih-edilir-gorsel-1200x900.jpg 1200w, https:\/\/ravilla.com.tr\/wp-content\/uploads\/2024\/02\/dunyada-en-cok-hangi-agaclardan-yapilan-masalar-tercih-edilir-gorsel-150x113.jpg 150w, https:\/\/ravilla.com.tr\/wp-content\/uploads\/2024\/02\/dunyada-en-cok-hangi-agaclardan-yapilan-masalar-tercih-edilir-gorsel-300x225.jpg 300w, https:\/\/ravilla.com.tr\/wp-content\/uploads\/2024\/02\/dunyada-en-cok-hangi-agaclardan-yapilan-masalar-tercih-edilir-gorsel-768x576.jpg 768w, https:\/\/ravilla.com.tr\/wp-content\/uploads\/2024\/02\/dunyada-en-cok-hangi-agaclardan-yapilan-masalar-tercih-edilir-gorsel-1536x1152.jpg 1536w, https:\/\/ravilla.com.tr\/wp-content\/uploads\/2024\/02\/dunyada-en-cok-hangi-agaclardan-yapilan-masalar-tercih-edilir-gorsel.jpg 2048w\" sizes=\"(max-width: 1024px) 100vw, 1024px\" \/>\t\t\t<\/div>\n\t\t\n\t\t\t\t<a class=\"wd-post-link wd-fill\" href=\"https:\/\/ravilla.com.tr\/dunyada-en-cok-hangi-agaclardan-yapilan-masalar-tercih-edilir\/\" rel=\"bookmark\" aria-label=\"Link on post D\u00fcnyada en \u00e7ok hangi a\u011fa\u00e7lardan yap\u0131lan masalar tercih edilir?\"><\/a>\n\n\t\t\t\t\t<div class=\"wd-post-header\">\n\t\t\t\t<div class=\"wd-meta-author\">\n\t\t\t\t\t\t\t\n\t\t\t\t\t<img alt='author-avatar' src='https:\/\/secure.gravatar.com\/avatar\/0c157d604413d0d2b01446d51517a5d16ecf4fbc9f843f70c555d8ae0f36e465?s=32&#038;d=mm&#038;r=g' srcset='https:\/\/secure.gravatar.com\/avatar\/0c157d604413d0d2b01446d51517a5d16ecf4fbc9f843f70c555d8ae0f36e465?s=64&#038;d=mm&#038;r=g 2x' class='avatar avatar-32 photo' height='32' width='32' decoding='async'\/>\t\t\n\t\t<a href=\"https:\/\/ravilla.com.tr\/author\/yonetici\/\" rel=\"author\">\n\t\t\t<span class=\"vcard author author_name\">\n\t\t\t\t<span class=\"fn\">yonetici<\/span>\n\t\t\t<\/span>\n\t\t<\/a>\n\t\t\t\t\t\t<\/div>\n\n\t\t\t\t<div class=\"wd-post-actions\">\n\t\t\t\t\t\t\t\t\t\t\t<div class=\"wd-post-share wd-tltp wd-tltp-top\">\n\t\t\t\t\t\t\t<div class=\"wd-tooltip-label\">\n\t\t\t\t\t\t\t\t\n\t\t\t<div class=\" wd-social-icons  icons-design-default icons-size-small color-scheme-light social-share social-form-circle text-center\">\n\n\t\t\t\t\n\t\t\t\t\t\t\t\t\t<a rel=\"noopener noreferrer nofollow\" href=\"https:\/\/www.facebook.com\/sharer\/sharer.php?u=https:\/\/ravilla.com.tr\/dunyada-en-cok-hangi-agaclardan-yapilan-masalar-tercih-edilir\/\" target=\"_blank\" class=\" wd-social-icon social-facebook\" aria-label=\"Facebook social link\">\n\t\t\t\t\t\t<span class=\"wd-icon\"><\/span>\n\t\t\t\t\t\t\t\t\t\t\t<\/a>\n\t\t\t\t\n\t\t\t\t\t\t\t\t\t<a rel=\"noopener noreferrer nofollow\" href=\"https:\/\/x.com\/share?url=https:\/\/ravilla.com.tr\/dunyada-en-cok-hangi-agaclardan-yapilan-masalar-tercih-edilir\/\" target=\"_blank\" class=\" wd-social-icon social-twitter\" aria-label=\"X social link\">\n\t\t\t\t\t\t<span class=\"wd-icon\"><\/span>\n\t\t\t\t\t\t\t\t\t\t\t<\/a>\n\t\t\t\t\n\t\t\t\t\n\t\t\t\t\n\t\t\t\t\n\t\t\t\t\t\t\t\t\t<a rel=\"noopener noreferrer nofollow\" href=\"https:\/\/pinterest.com\/pin\/create\/button\/?url=https:\/\/ravilla.com.tr\/dunyada-en-cok-hangi-agaclardan-yapilan-masalar-tercih-edilir\/&media=https:\/\/ravilla.com.tr\/wp-content\/uploads\/2024\/02\/dunyada-en-cok-hangi-agaclardan-yapilan-masalar-tercih-edilir-gorsel.jpg&description=D%C3%BCnyada+en+%C3%A7ok+hangi+a%C4%9Fa%C3%A7lardan+yap%C4%B1lan+masalar+tercih+edilir%3F\" target=\"_blank\" class=\" wd-social-icon social-pinterest\" aria-label=\"Pinterest social link\">\n\t\t\t\t\t\t<span class=\"wd-icon\"><\/span>\n\t\t\t\t\t\t\t\t\t\t\t<\/a>\n\t\t\t\t\n\t\t\t\t\n\t\t\t\t\t\t\t\t\t<a rel=\"noopener noreferrer nofollow\" href=\"https:\/\/www.linkedin.com\/shareArticle?mini=true&url=https:\/\/ravilla.com.tr\/dunyada-en-cok-hangi-agaclardan-yapilan-masalar-tercih-edilir\/\" target=\"_blank\" class=\" wd-social-icon social-linkedin\" aria-label=\"Linkedin social link\">\n\t\t\t\t\t\t<span class=\"wd-icon\"><\/span>\n\t\t\t\t\t\t\t\t\t\t\t<\/a>\n\t\t\t\t\n\t\t\t\t\n\t\t\t\t\n\t\t\t\t\n\t\t\t\t\n\t\t\t\t\n\t\t\t\t\n\t\t\t\t\n\t\t\t\t\n\t\t\t\t\n\t\t\t\t\t\t\t\t\n\t\t\t\t\t\t\t\t\n\t\t\t\t\n\t\t\t\t\n\t\t\t\t\t\t\t\t\t<a rel=\"noopener noreferrer nofollow\" href=\"https:\/\/telegram.me\/share\/url?url=https:\/\/ravilla.com.tr\/dunyada-en-cok-hangi-agaclardan-yapilan-masalar-tercih-edilir\/\" target=\"_blank\" class=\" wd-social-icon social-tg\" aria-label=\"Telegram social link\">\n\t\t\t\t\t\t<span class=\"wd-icon\"><\/span>\n\t\t\t\t\t\t\t\t\t\t\t<\/a>\n\t\t\t\t\t\t\t\t\n\t\t\t\t\n\t\t\t<\/div>\n\n\t\t\t\t\t\t\t\t\t<\/div>\n\t\t\t\t\t\t<\/div>\n\t\t\t\t\t\n\t\t\t\t\t\t\t\t\t\t\t<div class=\"wd-meta-reply\">\n\t\t\t\t\t\t\t<a href=\"https:\/\/ravilla.com.tr\/dunyada-en-cok-hangi-agaclardan-yapilan-masalar-tercih-edilir\/#respond\"><span class=\"replies-count\">0<\/span> <span class=\"replies-count-label\">comments<\/span><\/a>\t\t\t\t\t\t<\/div>\n\t\t\t\t\t\t\t\t\t<\/div>\n\t\t\t<\/div>\n\t\t\t<\/div>\n\n\t<div class=\"wd-post-content\">\n\t\t<div class=\"wd-post-entry-meta\">\n\t\t\t\t\t\t\t\t\t\t<div class=\"wd-post-cat wd-style-default\">\n\t\t\t\t\t<a href=\"https:\/\/ravilla.com.tr\/category\/uncategorized-tr\/\" rel=\"category tag\">Uncategorized @tr<\/a>\t\t\t\t<\/div>\n\t\t\t\n\t\t\t<div class=\"wd-modified-date\">\n\t\t\t\t\t\t<time class=\"updated\" datetime=\"2026-06-08T14:26:38+03:00\">\n\t\t\t8 Haziran 2026\t\t<\/time>\n\t\t\t\t\t<\/div>\n\n\t\t\t<div class=\"wd-meta-date\">\n\t\t\t\t22 May 2026\t\t\t<\/div>\n\t\t<\/div>\n\n\t\t\t\t\t<h3 class=\"wd-entities-title title post-title\">\n\t\t\t\t<a href=\"https:\/\/ravilla.com.tr\/dunyada-en-cok-hangi-agaclardan-yapilan-masalar-tercih-edilir\/\" rel=\"bookmark\">\n\t\t\t\t\tD\u00fcnyada en \u00e7ok hangi a\u011fa\u00e7lardan yap\u0131lan masalar tercih edilir?\t\t\t\t<\/a>\n\t\t\t<\/h3>\n\t\t\n\t\t\t\t\t<div class=\"wd-entry-content\">\n\t\t\t\t\t\t\t\t\tEvimizin olmazsa olmaz\u0131 masalar, farkl\u0131 a\u011fa\u00e7 t\u00fcrlerinden \u00fcretiliyor. Peki, d\u00fcnyada en \u00e7ok hangi a\u011fa\u00e7lardan yap\u0131lan masalar tercih edili...\t\t\t\t\t\t\t\t\t\t\t\t<\/div>\n\t\t\n\t\t\t\t\t\t\t\t\t\t<div class=\"wd-read-more\">\n\t\t\t\t\t\t<a class=\"btn-read-more more-link\" href=\"https:\/\/ravilla.com.tr\/dunyada-en-cok-hangi-agaclardan-yapilan-masalar-tercih-edilir\/\">Continue reading<\/a>\t\t\t\t\t<\/div>\n\t\t\t\t\t\t\t<\/div>\n\n\t\t\t<\/div>\n\t<\/article>\n\t\t\t\t\t\t\t\t\t\t\t\n<article id=\"post-169\" class=\"wd-post blog-design-meta-image blog-post-loop blog-style-bg wd-add-shadow wd-col post-169 post type-post status-publish format-standard has-post-thumbnail hentry category-uncategorized-tr\">\n\t\t\t<div class=\"wd-post-inner\">\n\t\n\t<div class=\"wd-post-thumb color-scheme-light\">\n\t\t\t\t\t<div class=\"wd-post-img\">\n\t\t\t\t<img width=\"1024\" height=\"768\" src=\"https:\/\/ravilla.com.tr\/wp-content\/uploads\/2024\/02\/ahsap-masa-alirkan-nelere-dikkat-edilmeli-kapak-gorseli-1-1024x768.jpg\" class=\"attachment-large size-large\" alt=\"ahsap masa alirkan nelere dikkat edilmeli kapak gorseli 1\" decoding=\"async\" srcset=\"https:\/\/ravilla.com.tr\/wp-content\/uploads\/2024\/02\/ahsap-masa-alirkan-nelere-dikkat-edilmeli-kapak-gorseli-1-1024x768.jpg 1024w, https:\/\/ravilla.com.tr\/wp-content\/uploads\/2024\/02\/ahsap-masa-alirkan-nelere-dikkat-edilmeli-kapak-gorseli-1-1200x900.jpg 1200w, https:\/\/ravilla.com.tr\/wp-content\/uploads\/2024\/02\/ahsap-masa-alirkan-nelere-dikkat-edilmeli-kapak-gorseli-1-150x113.jpg 150w, https:\/\/ravilla.com.tr\/wp-content\/uploads\/2024\/02\/ahsap-masa-alirkan-nelere-dikkat-edilmeli-kapak-gorseli-1-300x225.jpg 300w, https:\/\/ravilla.com.tr\/wp-content\/uploads\/2024\/02\/ahsap-masa-alirkan-nelere-dikkat-edilmeli-kapak-gorseli-1-768x576.jpg 768w, https:\/\/ravilla.com.tr\/wp-content\/uploads\/2024\/02\/ahsap-masa-alirkan-nelere-dikkat-edilmeli-kapak-gorseli-1-1536x1152.jpg 1536w, https:\/\/ravilla.com.tr\/wp-content\/uploads\/2024\/02\/ahsap-masa-alirkan-nelere-dikkat-edilmeli-kapak-gorseli-1.jpg 1600w\" sizes=\"(max-width: 1024px) 100vw, 1024px\" \/>\t\t\t<\/div>\n\t\t\n\t\t\t\t<a class=\"wd-post-link wd-fill\" href=\"https:\/\/ravilla.com.tr\/ahsap-masa-alirken-nelere-dikkat-edilmeli\/\" rel=\"bookmark\" aria-label=\"Link on post Ah\u015fap Masa Al\u0131rken Nelere Dikkat Edilmeli?\"><\/a>\n\n\t\t\t\t\t<div class=\"wd-post-header\">\n\t\t\t\t<div class=\"wd-meta-author\">\n\t\t\t\t\t\t\t\n\t\t\t\t\t<img alt='author-avatar' src='https:\/\/secure.gravatar.com\/avatar\/0c157d604413d0d2b01446d51517a5d16ecf4fbc9f843f70c555d8ae0f36e465?s=32&#038;d=mm&#038;r=g' srcset='https:\/\/secure.gravatar.com\/avatar\/0c157d604413d0d2b01446d51517a5d16ecf4fbc9f843f70c555d8ae0f36e465?s=64&#038;d=mm&#038;r=g 2x' class='avatar avatar-32 photo' height='32' width='32' decoding='async'\/>\t\t\n\t\t<a href=\"https:\/\/ravilla.com.tr\/author\/yonetici\/\" rel=\"author\">\n\t\t\t<span class=\"vcard author author_name\">\n\t\t\t\t<span class=\"fn\">yonetici<\/span>\n\t\t\t<\/span>\n\t\t<\/a>\n\t\t\t\t\t\t<\/div>\n\n\t\t\t\t<div class=\"wd-post-actions\">\n\t\t\t\t\t\t\t\t\t\t\t<div class=\"wd-post-share wd-tltp wd-tltp-top\">\n\t\t\t\t\t\t\t<div class=\"wd-tooltip-label\">\n\t\t\t\t\t\t\t\t\n\t\t\t<div class=\" wd-social-icons  icons-design-default icons-size-small color-scheme-light social-share social-form-circle text-center\">\n\n\t\t\t\t\n\t\t\t\t\t\t\t\t\t<a rel=\"noopener noreferrer nofollow\" href=\"https:\/\/www.facebook.com\/sharer\/sharer.php?u=https:\/\/ravilla.com.tr\/ahsap-masa-alirken-nelere-dikkat-edilmeli\/\" target=\"_blank\" class=\" wd-social-icon social-facebook\" aria-label=\"Facebook social link\">\n\t\t\t\t\t\t<span class=\"wd-icon\"><\/span>\n\t\t\t\t\t\t\t\t\t\t\t<\/a>\n\t\t\t\t\n\t\t\t\t\t\t\t\t\t<a rel=\"noopener noreferrer nofollow\" href=\"https:\/\/x.com\/share?url=https:\/\/ravilla.com.tr\/ahsap-masa-alirken-nelere-dikkat-edilmeli\/\" target=\"_blank\" class=\" wd-social-icon social-twitter\" aria-label=\"X social link\">\n\t\t\t\t\t\t<span class=\"wd-icon\"><\/span>\n\t\t\t\t\t\t\t\t\t\t\t<\/a>\n\t\t\t\t\n\t\t\t\t\n\t\t\t\t\n\t\t\t\t\n\t\t\t\t\t\t\t\t\t<a rel=\"noopener noreferrer nofollow\" href=\"https:\/\/pinterest.com\/pin\/create\/button\/?url=https:\/\/ravilla.com.tr\/ahsap-masa-alirken-nelere-dikkat-edilmeli\/&media=https:\/\/ravilla.com.tr\/wp-content\/uploads\/2024\/02\/ahsap-masa-alirkan-nelere-dikkat-edilmeli-kapak-gorseli-1.jpg&description=Ah%C5%9Fap+Masa+Al%C4%B1rken+Nelere+Dikkat+Edilmeli%3F\" target=\"_blank\" class=\" wd-social-icon social-pinterest\" aria-label=\"Pinterest social link\">\n\t\t\t\t\t\t<span class=\"wd-icon\"><\/span>\n\t\t\t\t\t\t\t\t\t\t\t<\/a>\n\t\t\t\t\n\t\t\t\t\n\t\t\t\t\t\t\t\t\t<a rel=\"noopener noreferrer nofollow\" href=\"https:\/\/www.linkedin.com\/shareArticle?mini=true&url=https:\/\/ravilla.com.tr\/ahsap-masa-alirken-nelere-dikkat-edilmeli\/\" target=\"_blank\" class=\" wd-social-icon social-linkedin\" aria-label=\"Linkedin social link\">\n\t\t\t\t\t\t<span class=\"wd-icon\"><\/span>\n\t\t\t\t\t\t\t\t\t\t\t<\/a>\n\t\t\t\t\n\t\t\t\t\n\t\t\t\t\n\t\t\t\t\n\t\t\t\t\n\t\t\t\t\n\t\t\t\t\n\t\t\t\t\n\t\t\t\t\n\t\t\t\t\n\t\t\t\t\t\t\t\t\n\t\t\t\t\t\t\t\t\n\t\t\t\t\n\t\t\t\t\n\t\t\t\t\t\t\t\t\t<a rel=\"noopener noreferrer nofollow\" href=\"https:\/\/telegram.me\/share\/url?url=https:\/\/ravilla.com.tr\/ahsap-masa-alirken-nelere-dikkat-edilmeli\/\" target=\"_blank\" class=\" wd-social-icon social-tg\" aria-label=\"Telegram social link\">\n\t\t\t\t\t\t<span class=\"wd-icon\"><\/span>\n\t\t\t\t\t\t\t\t\t\t\t<\/a>\n\t\t\t\t\t\t\t\t\n\t\t\t\t\n\t\t\t<\/div>\n\n\t\t\t\t\t\t\t\t\t<\/div>\n\t\t\t\t\t\t<\/div>\n\t\t\t\t\t\n\t\t\t\t\t\t\t\t\t\t\t<div class=\"wd-meta-reply\">\n\t\t\t\t\t\t\t<a href=\"https:\/\/ravilla.com.tr\/ahsap-masa-alirken-nelere-dikkat-edilmeli\/#respond\"><span class=\"replies-count\">0<\/span> <span class=\"replies-count-label\">comments<\/span><\/a>\t\t\t\t\t\t<\/div>\n\t\t\t\t\t\t\t\t\t<\/div>\n\t\t\t<\/div>\n\t\t\t<\/div>\n\n\t<div class=\"wd-post-content\">\n\t\t<div class=\"wd-post-entry-meta\">\n\t\t\t\t\t\t\t\t\t\t<div class=\"wd-post-cat wd-style-default\">\n\t\t\t\t\t<a href=\"https:\/\/ravilla.com.tr\/category\/uncategorized-tr\/\" rel=\"category tag\">Uncategorized @tr<\/a>\t\t\t\t<\/div>\n\t\t\t\n\t\t\t<div class=\"wd-modified-date\">\n\t\t\t\t\t\t<time class=\"updated\" datetime=\"2026-06-08T14:27:50+03:00\">\n\t\t\t8 Haziran 2026\t\t<\/time>\n\t\t\t\t\t<\/div>\n\n\t\t\t<div class=\"wd-meta-date\">\n\t\t\t\t20 May 2026\t\t\t<\/div>\n\t\t<\/div>\n\n\t\t\t\t\t<h3 class=\"wd-entities-title title post-title\">\n\t\t\t\t<a href=\"https:\/\/ravilla.com.tr\/ahsap-masa-alirken-nelere-dikkat-edilmeli\/\" rel=\"bookmark\">\n\t\t\t\t\tAh\u015fap Masa Al\u0131rken Nelere Dikkat Edilmeli?\t\t\t\t<\/a>\n\t\t\t<\/h3>\n\t\t\n\t\t\t\t\t<div class=\"wd-entry-content\">\n\t\t\t\t\t\t\t\t\t1. \u00d6ncelikle s\u0131radan bir ah\u015fap masa \u00fcretimi kolayd\u0131r fakat kaliteli ah\u015fap masa \u00fcretimi \u00f6nemli bir tecr\u00fcbe gerektirir ve ciddi anlamda t...\t\t\t\t\t\t\t\t\t\t\t\t<\/div>\n\t\t\n\t\t\t\t\t\t\t\t\t\t<div class=\"wd-read-more\">\n\t\t\t\t\t\t<a class=\"btn-read-more more-link\" href=\"https:\/\/ravilla.com.tr\/ahsap-masa-alirken-nelere-dikkat-edilmeli\/\">Continue reading<\/a>\t\t\t\t\t<\/div>\n\t\t\t\t\t\t\t<\/div>\n\n\t\t\t<\/div>\n\t<\/article>\n\t\t\t\t\t\n\t\t\t\t\t","status":"have-posts","nextPage":"https:\/\/ravilla.com.tr\/author\/yonetici\/page\/3\/?woo_ajax=1","currentPage":"https:\/\/ravilla.com.tr\/author\/yonetici\/page\/2"}